{"id":1051,"date":"2022-05-31T15:47:53","date_gmt":"2022-05-31T15:47:53","guid":{"rendered":"https:\/\/www.berci.pt\/blog\/?p=1051"},"modified":"2022-12-22T16:42:06","modified_gmt":"2022-12-22T16:42:06","slug":"expositores-em-tecido-para-feiras-e-eventos-2022","status":"publish","type":"post","link":"https:\/\/www.berci.pt\/blog\/expositores-em-tecido-para-feiras-e-eventos-2022\/","title":{"rendered":"Expositores em tecido para feiras e eventos 2022"},"content":{"rendered":"<h2><span style=\"font-size: 24px;\">Expositores em tecido para feiras e eventos 2022<\/span><\/h2>\n<p>As feiras s\u00e3o uma grande oportunidade para maximizar o reconhecimento da sua marca bem como a prospe\u00e7\u00e3o de mercado com potenciais novos clientes.<\/p>\n<p>A publicidade visual numa feira ajuda a sua empresa a destacar-se das outras. Por outro lado, as feiras tem normalmente um n\u00famero muito elevado de concorr\u00eancia, por isso, \u00e9 importante usar expositores que se destaquem n\u00e3o s\u00f3 pela sua comunica\u00e7\u00e3o, mas tamb\u00e9m pela sua diferencia\u00e7\u00e3o e inova\u00e7\u00e3o. Um bom exemplo s\u00e3o sem d\u00favida expositores de tecido.<\/p>\n<p>S\u00e3o muito f\u00e1ceis de montar, veja <a href=\"https:\/\/youtu.be\/SczvnElZWtQ\">aqui<\/a> um exemplo de montagem<!--more--><\/p>\n<h2><img loading=\"lazy\" decoding=\"async\" class=\"alignnone size-full wp-image-470\" src=\"https:\/\/www.berci.pt\/blog\/wp-content\/uploads\/2019\/10\/expositor_textil_luminoso.jpg\" alt=\"expositor textil\" width=\"1261\" height=\"1829\" srcset=\"https:\/\/www.berci.pt\/blog\/wp-content\/uploads\/2019\/10\/expositor_textil_luminoso.jpg 1261w, https:\/\/www.berci.pt\/blog\/wp-content\/uploads\/2019\/10\/expositor_textil_luminoso-207x300.jpg 207w, https:\/\/www.berci.pt\/blog\/wp-content\/uploads\/2019\/10\/expositor_textil_luminoso-768x1114.jpg 768w, https:\/\/www.berci.pt\/blog\/wp-content\/uploads\/2019\/10\/expositor_textil_luminoso-706x1024.jpg 706w, https:\/\/www.berci.pt\/blog\/wp-content\/uploads\/2019\/10\/expositor_textil_luminoso-900x1305.jpg 900w\" sizes=\"(max-width: 1261px) 100vw, 1261px\" \/><\/h2>\n<h2><span style=\"font-size: 24px;\">S\u00e3o muitos os pontos positivos para usar expositores de tecido em feiras ou eventos<\/span><\/h2>\n<p>Existem v\u00e1rias utiliza\u00e7\u00f5es que estes expositores podem proporcionar numa feira de neg\u00f3cios. Ao contr\u00e1rio dos tradicionais displays em tecido que n\u00e3o podem serreutilizados, os mais recentes s\u00e3o feitos para proporcionar maior durabilidade, bem como, maior reutiliza\u00e7\u00e3o de materiais. Al\u00e9m disso as cores e efeitos de imagem nos expositores de tecido s\u00e3o mais vibrantes e profundas. Os expositores de tecido que temos tem diversas formatos, tanto podem ser de suspens\u00e3o, em m\u00f3dulos de diferentes tamanhos, ou displays pop-up tamb\u00e9m em m\u00f3dulos de diferentes tamanhos.<\/p>\n<div id=\"attachment_840\" style=\"width: 1601px\" class=\"wp-caption alignnone\"><img loading=\"lazy\" decoding=\"async\" aria-describedby=\"caption-attachment-840\" class=\"size-full wp-image-840\" src=\"https:\/\/www.berci.pt\/blog\/wp-content\/uploads\/2020\/10\/gd_galeria_1461_13.jpg\" alt=\"Smart Textile Frame\" width=\"1591\" height=\"994\" srcset=\"https:\/\/www.berci.pt\/blog\/wp-content\/uploads\/2020\/10\/gd_galeria_1461_13.jpg 1591w, https:\/\/www.berci.pt\/blog\/wp-content\/uploads\/2020\/10\/gd_galeria_1461_13-300x187.jpg 300w, https:\/\/www.berci.pt\/blog\/wp-content\/uploads\/2020\/10\/gd_galeria_1461_13-768x480.jpg 768w, https:\/\/www.berci.pt\/blog\/wp-content\/uploads\/2020\/10\/gd_galeria_1461_13-1024x640.jpg 1024w, https:\/\/www.berci.pt\/blog\/wp-content\/uploads\/2020\/10\/gd_galeria_1461_13-900x562.jpg 900w, https:\/\/www.berci.pt\/blog\/wp-content\/uploads\/2020\/10\/gd_galeria_1461_13-1280x800.jpg 1280w\" sizes=\"(max-width: 1591px) 100vw, 1591px\" \/><p id=\"caption-attachment-840\" class=\"wp-caption-text\">Smart Textile Frame<\/p><\/div>\n<h2><span style=\"font-size: 18pt;\">Personalizar com facilidade<\/span><\/h2>\n<p>Um dos muitos benef\u00edcios do uso de expositores de tecido \u00e9 o facto de serem personaliz\u00e1veis com grande facilidade, isto \u00e9, o tecido pode ser impresso com imagem, texto ou cor as vezes que quiser, isto \u00e9 s\u00f3 necessita ter a estrutura uma vez. Para tal usamos sistema de sublima\u00e7\u00e3o e tintas eco solventes para que desta forma os trabalhos que personalizamos tem cores e efeitos vibrantes ao mesmo tempo que minimizamos a nossa pegada ecol\u00f3gica.<\/p>\n<h2><span style=\"font-size: 18pt;\">Maximizar o espa\u00e7o<\/span><\/h2>\n<p>Um stand numa feira, tem geralmente uma \u00e1rea reduzida, o que torna um desafio anunciar numa\u00a0 feira comercial.\u00a0Os expositores de tecido tamb\u00e9m conhecidos como\u00a0<strong>Paredes Publicit\u00e1rias<\/strong>, s\u00e3o a forma mais r\u00e1pida, simples e acess\u00edvel de criar uma estrutura publicit\u00e1ria de dimens\u00f5es variadas. Os m\u00f3dulos podem ir de 100x200cm at\u00e9 400x200cm.<\/p>\n<p>&nbsp;<\/p>\n<h2><span style=\"font-size: 18pt;\">Durabilidade<\/span><\/h2>\n<p>O material usado na cria\u00e7\u00e3o dos tecidos\u00a0 permite_lhe reutiliz\u00e1-los em v\u00e1rios eventos e feiras. Os tecidos n\u00e3o s\u00e3o apenas reutiliz\u00e1veis, tamb\u00e9m podem ser lavados se ficarem sujos ou manchados. A lavagem do tecido tamb\u00e9m n\u00e3o desbota o material, o que o torna os expositores de tecido, dos mais dur\u00e1veis.<\/p>\n<p><img loading=\"lazy\" decoding=\"async\" class=\"alignnone size-full wp-image-474\" src=\"https:\/\/www.berci.pt\/blog\/wp-content\/uploads\/2019\/10\/pop_up-Textil.jpg\" alt=\"pop_up Textil\" width=\"1000\" height=\"1000\" srcset=\"https:\/\/www.berci.pt\/blog\/wp-content\/uploads\/2019\/10\/pop_up-Textil.jpg 1000w, https:\/\/www.berci.pt\/blog\/wp-content\/uploads\/2019\/10\/pop_up-Textil-150x150.jpg 150w, https:\/\/www.berci.pt\/blog\/wp-content\/uploads\/2019\/10\/pop_up-Textil-300x300.jpg 300w, https:\/\/www.berci.pt\/blog\/wp-content\/uploads\/2019\/10\/pop_up-Textil-768x768.jpg 768w, https:\/\/www.berci.pt\/blog\/wp-content\/uploads\/2019\/10\/pop_up-Textil-88x88.jpg 88w, https:\/\/www.berci.pt\/blog\/wp-content\/uploads\/2019\/10\/pop_up-Textil-900x900.jpg 900w\" sizes=\"(max-width: 1000px) 100vw, 1000px\" \/><\/p>\n<h2><span style=\"font-size: 18pt;\">Apelo Visual<\/span><\/h2>\n<p>Os visitantes de uma feira ou evento t\u00eam muita informa\u00e7\u00e3o e sinais que lhes chamam \u00e1 aten\u00e7\u00e3o. Com a sobrecarga de elementos visuais, destacar-se da concorr\u00eancia \u00e9 um grande desafio. Os expositores de tecido s\u00e3o visualmente atraentes e de grande impacto, o que ajuda os visitantes a verem o seu stand com maior facilidade e a deixar uma impress\u00e3o mais duradoura. Podem ser iluminados atrav\u00e9s de Leds ou somente o tecido sem ilumina\u00e7\u00e3o.<\/p>\n<p>&nbsp;<\/p>\n<p>A Berci \u00e9 uma empresa que oferece v\u00e1rios tipos de suportes para aplica\u00e7\u00e3o das suas cria\u00e7\u00f5es e design, veja o nosso cat\u00e1logo em <a href=\"https:\/\/www.berci.pt\/pt\/index.php\">aqui<\/a>. Ligue o (+351) 253 597 082 <span style=\"font-size: 12pt;\">(camada para a rede fixa nacional)<\/span> ou envie um email para o endere\u00e7o <a href=\"mailto:geral@berci.pt\" target=\"_blank\" rel=\"noopener\">geral@berci.pt<\/a> e fa\u00e7a j\u00e1 a sua encomenda.<\/p>\n","protected":false},"excerpt":{"rendered":"<p>Expositores em tecido para feiras e eventos 2022 As feiras s\u00e3o uma grande oportunidade para maximizar o reconhecimento da sua marca bem como a prospe\u00e7\u00e3o de mercado com potenciais novos clientes. A publicidade visual numa feira ajuda a sua empresa a destacar-se das outras. Por&hellip;<\/p>\n","protected":false},"author":1,"featured_media":1054,"comment_status":"closed","ping_status":"closed","sticky":false,"template":"","format":"standard","meta":{"footnotes":""},"categories":[1],"tags":[],"_links":{"self":[{"href":"https:\/\/www.berci.pt\/blog\/wp-json\/wp\/v2\/posts\/1051"}],"collection":[{"href":"https:\/\/www.berci.pt\/blog\/wp-json\/wp\/v2\/posts"}],"about":[{"href":"https:\/\/www.berci.pt\/blog\/wp-json\/wp\/v2\/types\/post"}],"author":[{"embeddable":true,"href":"https:\/\/www.berci.pt\/blog\/wp-json\/wp\/v2\/users\/1"}],"replies":[{"embeddable":true,"href":"https:\/\/www.berci.pt\/blog\/wp-json\/wp\/v2\/comments?post=1051"}],"version-history":[{"count":4,"href":"https:\/\/www.berci.pt\/blog\/wp-json\/wp\/v2\/posts\/1051\/revisions"}],"predecessor-version":[{"id":1143,"href":"https:\/\/www.berci.pt\/blog\/wp-json\/wp\/v2\/posts\/1051\/revisions\/1143"}],"wp:featuredmedia":[{"embeddable":true,"href":"https:\/\/www.berci.pt\/blog\/wp-json\/wp\/v2\/media\/1054"}],"wp:attachment":[{"href":"https:\/\/www.berci.pt\/blog\/wp-json\/wp\/v2\/media?parent=1051"}],"wp:term":[{"taxonomy":"category","embeddable":true,"href":"https:\/\/www.berci.pt\/blog\/wp-json\/wp\/v2\/categories?post=1051"},{"taxonomy":"post_tag","embeddable":true,"href":"https:\/\/www.berci.pt\/blog\/wp-json\/wp\/v2\/tags?post=1051"}],"curies":[{"name":"wp","href":"https:\/\/api.w.org\/{rel}","templated":true}]}}