{"id":1174,"date":"2023-03-23T16:03:16","date_gmt":"2023-03-23T16:03:16","guid":{"rendered":"https:\/\/www.berci.pt\/blog\/?p=1174"},"modified":"2023-08-16T13:02:53","modified_gmt":"2023-08-16T13:02:53","slug":"placas-em-polipropileno-alveolar","status":"publish","type":"post","link":"https:\/\/www.berci.pt\/blog\/placas-em-polipropileno-alveolar\/","title":{"rendered":"Placas em Polipropileno Alveolar"},"content":{"rendered":"<h1>Placas em Polipropileno Alveolar.<br \/>\nUsadas na impress\u00e3o de an\u00fancios ligados \u00e0s imobili\u00e1rias.<\/h1>\n<p>As\u00a0placas em polipropileno alveolar (PPA)\u00a0s\u00e3o um dos suportes publicit\u00e1rios mais usados pelas empresas ou particulares que procuram publicitar os seus produtos ou servi\u00e7os num espa\u00e7o exterior durante um determinado per\u00edodo de tempo, al\u00e9m disso tem algumas caracter\u00edsticas que as tornam muito procuradas.<!--more--><\/p>\n<h3><img loading=\"lazy\" decoding=\"async\" class=\"alignnone size-full wp-image-252\" src=\"https:\/\/www.berci.pt\/blog\/wp-content\/uploads\/2019\/01\/PPA.png\" alt=\"Placas em polipropileno alveolar\" width=\"800\" height=\"600\" srcset=\"https:\/\/www.berci.pt\/blog\/wp-content\/uploads\/2019\/01\/PPA.png 800w, https:\/\/www.berci.pt\/blog\/wp-content\/uploads\/2019\/01\/PPA-300x225.png 300w, https:\/\/www.berci.pt\/blog\/wp-content\/uploads\/2019\/01\/PPA-768x576.png 768w\" sizes=\"(max-width: 800px) 100vw, 800px\" \/><\/h3>\n<h3><strong>O que s\u00e3o as\u00a0<\/strong><strong>placas em polipropileno alveolar?<\/strong><\/h3>\n<p>As\u00a0<a href=\"https:\/\/www.dagol.com\/portfolio-item\/polipropileno-alveolar\/#:~:text=Propriedades,%2C%20termoformar%2C%20agrafar%2C%20perfurar.\"><strong>Placas em Polipropileno Alveolar \u2013 PPA<\/strong><\/a>\u00a0s\u00e3o um produto bastante econ\u00f3mico e vers\u00e1til para v\u00e1rias aplica\u00e7\u00f5es, primordialmente em locais de exterior.<\/p>\n<p>As caracter\u00edsticas de corte, a gama de cores, as diferentes espessuras e a impress\u00e3o direta neste\u00a0<strong>tipo de suporte publicit\u00e1rio r\u00edgido<\/strong>\u00a0fazem dele um produto bastante atrativo para comunica\u00e7\u00e3o visual e publicidade, sendo a cor branca a mais apropriada para impress\u00f5es digitais de cores vibrantes e com elevado impacto visual.<\/p>\n<p>Trata-se de uma placa com 100% polipropileno extrudido sob uma forma de parede dupla com estrutura alveolar e tratamento com corona nas faces. Normalmente, este\u00a0<a href=\"https:\/\/www.berci.pt\/blog\/tipos-placas-impressao-digital\/\">tipo de placa de impress\u00e3o digital<\/a>\u00a0encontra-se em v\u00e1rias ind\u00fastrias distintas, como a alimentar e a imobili\u00e1ria.<\/p>\n<h3><strong>As principais caracter\u00edsticas das placas em polipropileno alveolar?<\/strong><\/h3>\n<p>As\u00a0<strong>placas publicit\u00e1rias<\/strong>\u00a0<strong>em polipropileno alveolar<\/strong>\u00a0evidenciam-se das demais devido \u00e0s suas caracter\u00edsticas. Tais como:<\/p>\n<ul>\n<li>Em primeiro lugar, s\u00e3o leves e f\u00e1ceis de cortar.<\/li>\n<li>S\u00e3o de transporte e de instala\u00e7\u00e3o simples.<\/li>\n<li>Oferecem uma elevada rigidez e resist\u00eancia ao rasgo e dobragem.<\/li>\n<li>S\u00e3o dur\u00e1veis, vers\u00e1teis e usadas para in\u00fameras aplica\u00e7\u00f5es.<\/li>\n<li>T\u00eam tratamento com corona, o que aumenta o coeficiente de ades\u00e3o de tinta \u00e0 superf\u00edcie.<\/li>\n<li>S\u00e3o resistentes \u00e0 humidade, raios UV, agentes qu\u00edmicos e \u00f3leos.<\/li>\n<li>Possuem uma boa efici\u00eancia energ\u00e9tica e uma baixa inflamabilidade.<\/li>\n<li>S\u00e3o disponibilizadas em diversas cores, o que lhes permite serem usadas em v\u00e1rios contextos e \u00e1reas distintas.<\/li>\n<li>Inegavelmente, t\u00eam um pre\u00e7o bastante acess\u00edvel quando comparadas com outras placas publicit\u00e1rias.<\/li>\n<\/ul>\n<p><img loading=\"lazy\" decoding=\"async\" class=\"align none size-full wp-image-243\" src=\"https:\/\/www.berci.pt\/blog\/wp-content\/uploads\/2019\/01\/placas-em-polipropileno-alveolar-.jpg\" alt=\"Placas em polipropileno alveolar\" width=\"1500\" height=\"1500\" srcset=\"https:\/\/www.berci.pt\/blog\/wp-content\/uploads\/2019\/01\/placas-em-polipropileno-alveolar-.jpg 1500w, https:\/\/www.berci.pt\/blog\/wp-content\/uploads\/2019\/01\/placas-em-polipropileno-alveolar--150x150.jpg 150w, https:\/\/www.berci.pt\/blog\/wp-content\/uploads\/2019\/01\/placas-em-polipropileno-alveolar--300x300.jpg 300w, https:\/\/www.berci.pt\/blog\/wp-content\/uploads\/2019\/01\/placas-em-polipropileno-alveolar--768x768.jpg 768w, https:\/\/www.berci.pt\/blog\/wp-content\/uploads\/2019\/01\/placas-em-polipropileno-alveolar--1024x1024.jpg 1024w, https:\/\/www.berci.pt\/blog\/wp-content\/uploads\/2019\/01\/placas-em-polipropileno-alveolar--88x88.jpg 88w, https:\/\/www.berci.pt\/blog\/wp-content\/uploads\/2019\/01\/placas-em-polipropileno-alveolar--900x900.jpg 900w, https:\/\/www.berci.pt\/blog\/wp-content\/uploads\/2019\/01\/placas-em-polipropileno-alveolar--1280x1280.jpg 1280w\" sizes=\"(max-width: 1500px) 100vw, 1500px\" \/><\/p>\n<h3 id=\"habilite-gzip\"><strong>Onde podem ser encontradas as placas em polipropileno alveolar?<\/strong><\/h3>\n<p>As\u00a0<strong>placas de polipropileno (PP)<\/strong>\u00a0alveolar s\u00e3o ferramentas de publicidade muito procuradas para serem usadas num determinado espa\u00e7o exterior e s\u00e3o principalmente encontradas nos seguintes locais<\/p>\n<ul>\n<li>Displays e expositores de ponto de venda<\/li>\n<li>Placas de publicidade de venda de imobili\u00e1rio residencial\/comercial<\/li>\n<li>Placas publicit\u00e1rias de loja<\/li>\n<li>Caixas de reciclagem<\/li>\n<li>Embalagens de transporte de produtos alimentares<\/li>\n<\/ul>\n<p><img loading=\"lazy\" decoding=\"async\" class=\"alignnone size-full wp-image-253\" src=\"https:\/\/www.berci.pt\/blog\/wp-content\/uploads\/2019\/01\/Placas-em-polipropileno-alveolar.png\" alt=\"Placas em polipropileno alveolar\" width=\"800\" height=\"600\" srcset=\"https:\/\/www.berci.pt\/blog\/wp-content\/uploads\/2019\/01\/Placas-em-polipropileno-alveolar.png 800w, https:\/\/www.berci.pt\/blog\/wp-content\/uploads\/2019\/01\/Placas-em-polipropileno-alveolar-300x225.png 300w, https:\/\/www.berci.pt\/blog\/wp-content\/uploads\/2019\/01\/Placas-em-polipropileno-alveolar-768x576.png 768w\" sizes=\"(max-width: 800px) 100vw, 800px\" \/><\/p>\n<h3 id=\"habilite-gzip\"><strong>As placas em polipropileno alveolar no ramo Imobili\u00e1rio<\/strong><\/h3>\n<p><!--nextpage--><\/p>\n<p>A\u00a0<strong>placa alveolar<\/strong>\u00a0\u00e9 um suporte publicit\u00e1rio r\u00edgido que \u00e9 muito procurado e usado no ramo imobili\u00e1rio, porque:<\/p>\n<p>Trata-se de uma placa r\u00edgida, dur\u00e1vel e econ\u00f3mica que apresenta uma grande resist\u00eancia ao impacto e \u00e0s diferentes condi\u00e7\u00f5es atmosf\u00e9ricas (temperaturas quentes ou frias), o que faz dela ideal para ser usada em suportes de exterior \u2013 varandas, fachadas, muros, janelas, entre outros locais de m\u00e1xima visibilidade.<\/p>\n<p>Nesse sentido, \u00e9 um\u00a0<strong>produto de impress\u00e3o digital<\/strong>\u00a0de m\u00e1xima qualidade para empresas, sociedades e\/ou particulares dedicados ao arrendamento ou venda e administra\u00e7\u00e3o de propriedades.<\/p>\n<p>Na Berci\u00a0encontrar\u00e1 placas de impress\u00e3o digital PPA, sobretudo as placas imobili\u00e1rias de \u201cVende-se\u201d ou \u201cArrenda-se\u201d, com v\u00e1rias espessuras e densidades para que as suas op\u00e7\u00f5es sejam ainda mais diversificadas.<\/p>\n<p>As\u00a0<strong>placas publicit\u00e1rias em polipropileno alveolar<\/strong>\u00a0podem ser adquiridas a partir dos 20,00\u20ac m2; e devido \u00e0 sua longevidade e efic\u00e1cia de comunica\u00e7\u00e3o s\u00e3o uma excelente op\u00e7\u00e3o de comunica\u00e7\u00e3o para o exterior.<\/p>\n<p>Se est\u00e1 \u00e0 procura de uma empresa especializada na\u00a0<strong>impress\u00e3o digital em placas<\/strong>, a Berci tem uma loja online com as melhores\u00a0placas em polipropileno alveolar\u00a0assim como outros materiais para a divulga\u00e7\u00e3o do seu neg\u00f3cio.<\/p>\n<p>Portanto ligue j\u00e1 (+351) 253 597 082 ou envie um email para o endere\u00e7o\u00a0<a href=\"mailto:geral@berci.pt\">geral@berci.pt<\/a>\u00a0para adquirir os seus suportes publicit\u00e1rios.<\/p>\n<p>&nbsp;<\/p>\n","protected":false},"excerpt":{"rendered":"<p>Placas em Polipropileno Alveolar. Usadas na impress\u00e3o de an\u00fancios ligados \u00e0s imobili\u00e1rias. As\u00a0placas em polipropileno alveolar (PPA)\u00a0s\u00e3o um dos suportes publicit\u00e1rios mais usados pelas empresas ou particulares que procuram publicitar os seus produtos ou servi\u00e7os num espa\u00e7o exterior durante um determinado per\u00edodo de tempo, al\u00e9m&hellip;<\/p>\n","protected":false},"author":1,"featured_media":1187,"comment_status":"closed","ping_status":"closed","sticky":false,"template":"","format":"standard","meta":{"footnotes":""},"categories":[64,7,26,32],"tags":[178,33],"_links":{"self":[{"href":"https:\/\/www.berci.pt\/blog\/wp-json\/wp\/v2\/posts\/1174"}],"collection":[{"href":"https:\/\/www.berci.pt\/blog\/wp-json\/wp\/v2\/posts"}],"about":[{"href":"https:\/\/www.berci.pt\/blog\/wp-json\/wp\/v2\/types\/post"}],"author":[{"embeddable":true,"href":"https:\/\/www.berci.pt\/blog\/wp-json\/wp\/v2\/users\/1"}],"replies":[{"embeddable":true,"href":"https:\/\/www.berci.pt\/blog\/wp-json\/wp\/v2\/comments?post=1174"}],"version-history":[{"count":17,"href":"https:\/\/www.berci.pt\/blog\/wp-json\/wp\/v2\/posts\/1174\/revisions"}],"predecessor-version":[{"id":1215,"href":"https:\/\/www.berci.pt\/blog\/wp-json\/wp\/v2\/posts\/1174\/revisions\/1215"}],"wp:featuredmedia":[{"embeddable":true,"href":"https:\/\/www.berci.pt\/blog\/wp-json\/wp\/v2\/media\/1187"}],"wp:attachment":[{"href":"https:\/\/www.berci.pt\/blog\/wp-json\/wp\/v2\/media?parent=1174"}],"wp:term":[{"taxonomy":"category","embeddable":true,"href":"https:\/\/www.berci.pt\/blog\/wp-json\/wp\/v2\/categories?post=1174"},{"taxonomy":"post_tag","embeddable":true,"href":"https:\/\/www.berci.pt\/blog\/wp-json\/wp\/v2\/tags?post=1174"}],"curies":[{"name":"wp","href":"https:\/\/api.w.org\/{rel}","templated":true}]}}