{"id":286,"date":"2019-03-20T10:00:13","date_gmt":"2019-03-20T10:00:13","guid":{"rendered":"https:\/\/www.berci.pt\/blog\/?p=286"},"modified":"2019-03-19T15:14:49","modified_gmt":"2019-03-19T15:14:49","slug":"berci-uma-empresa-de-impressao-digital-amiga-do-ambiente","status":"publish","type":"post","link":"https:\/\/www.berci.pt\/blog\/berci-uma-empresa-de-impressao-digital-amiga-do-ambiente\/","title":{"rendered":"Berci \u2013 uma empresa de impress\u00e3o digital amiga do ambiente"},"content":{"rendered":"<p>A preocupa\u00e7\u00e3o ambiental \u00e9 uma realidade a que a maior parte das pessoas e empresas est\u00e3o cada vez mais atentas. E ainda bem que o fazem porque o nosso futuro depende disso. A Berci \u00e9 uma <a href=\"https:\/\/www.berci.pt\/pt\/\" target=\"_blank\" rel=\"noopener\">empresa de impress\u00e3o digital<\/a> que n\u00e3o \u00e9 exce\u00e7\u00e3o e \u00e9 bastante consciente e amiga do ambiente. Saiba porqu\u00ea!<\/p>\n<p><!--more--><\/p>\n<h2><span style=\"font-size: 18pt;\">A Berci como uma empresa amiga do Ambiente!<\/span><\/h2>\n<p>A Berci orgulha-se em afirmar que \u00e9 uma <strong>empresa amiga do Ambiente<\/strong> e considera que as solu\u00e7\u00f5es que passam pelo equil\u00edbrio entre o desenvolvimento socioecon\u00f3mico e um meio ambiente equilibrado s\u00e3o a chave para um melhor futuro.<\/p>\n<p>A <a href=\"https:\/\/www.berci.pt\/pt\/\" target=\"_blank\" rel=\"noopener\">empresa de impress\u00e3o digital<\/a> em todos os formatos assume como prioridade estrat\u00e9gica a procura cont\u00ednua de solu\u00e7\u00f5es que respondam, valorizem e superem as expetativas atuais e futuras dos seus clientes. Nesse sentido, tem consci\u00eancia que \u00e9 fundamental reduzir a sua pegada de carbono para viver numa sociedade mais verde e ecol\u00f3gica.<\/p>\n<p>A Berci reconhece que a ado\u00e7\u00e3o de pr\u00e1ticas de desenvolvimento sustent\u00e1vel na gest\u00e3o da empresa deve ser o seu foco e apoia-se nos mais recentes desenvolvimentos tecnol\u00f3gicos e na forma\u00e7\u00e3o cont\u00ednua dos seus colaboradores com o intuito de garantir padr\u00f5es de profissionalismo e qualidade.<\/p>\n<p><strong>Os principais valores e princ\u00edpios da Berci enquanto empresa certificada<\/strong><\/p>\n<ul>\n<li>Manter uma lideran\u00e7a proactiva que inspire e agregue todos os colaboradores e parceiros.<\/li>\n<li>Promover a ecoefici\u00eancia nas opera\u00e7\u00f5es ao minimizar o consumo de materiais, energia e de outros recursos naturais.<\/li>\n<li>Convencer os seus colaboradores para a import\u00e2ncia das suas a\u00e7\u00f5es, atitudes e responsabilidade na melhoria cont\u00ednua e preserva\u00e7\u00e3o do ambiente \u2013 especialmente com a\u00e7\u00f5es de sensibiliza\u00e7\u00e3o e forma\u00e7\u00e3o.<\/li>\n<li>Melhorar continuamente a presta\u00e7\u00e3o dos servi\u00e7os, apostando na criatividade e inova\u00e7\u00e3o.<\/li>\n<li>Cumprir todas as normas e regulamentos que dizem respeito e sejam aplic\u00e1veis \u00e0 respetiva atividade.<\/li>\n<li>Integrar crit\u00e9rios ambientais no processo de sele\u00e7\u00e3o de mat\u00e9rias-primas e fornecedores de modo a responder de forma mais r\u00e1pida \u00e0s exig\u00eancias do mercado.<\/li>\n<li>Divulgar estes valores e princ\u00edpios a todas as partes interessadas, reiterando toda a confian\u00e7a, responsabilidade, transpar\u00eancia, dedica\u00e7\u00e3o, humildade e preserva\u00e7\u00e3o do meio ambiente.<\/li>\n<\/ul>\n<p><img loading=\"lazy\" decoding=\"async\" class=\"alignnone wp-image-294 size-large\" title=\"Berci - empresa de impress\u00e3o digital amiga do ambiente\" src=\"https:\/\/www.berci.pt\/blog\/wp-content\/uploads\/2019\/03\/Berci-empresa-amiga-do-ambiente-1024x834.jpg\" alt=\"Berci - empresa de impress\u00e3o digital amiga do ambiente\" width=\"629\" height=\"512\" srcset=\"https:\/\/www.berci.pt\/blog\/wp-content\/uploads\/2019\/03\/Berci-empresa-amiga-do-ambiente-1024x834.jpg 1024w, https:\/\/www.berci.pt\/blog\/wp-content\/uploads\/2019\/03\/Berci-empresa-amiga-do-ambiente-300x244.jpg 300w, https:\/\/www.berci.pt\/blog\/wp-content\/uploads\/2019\/03\/Berci-empresa-amiga-do-ambiente-768x625.jpg 768w, https:\/\/www.berci.pt\/blog\/wp-content\/uploads\/2019\/03\/Berci-empresa-amiga-do-ambiente-900x733.jpg 900w, https:\/\/www.berci.pt\/blog\/wp-content\/uploads\/2019\/03\/Berci-empresa-amiga-do-ambiente-1280x1042.jpg 1280w, https:\/\/www.berci.pt\/blog\/wp-content\/uploads\/2019\/03\/Berci-empresa-amiga-do-ambiente.jpg 2048w\" sizes=\"(max-width: 629px) 100vw, 629px\" \/><\/p>\n<h2><span style=\"font-size: 18pt;\">As principais medidas implementadas pela Berci enquanto empresa amiga do ambiente<\/span><\/h2>\n<p>Neste percurso de certifica\u00e7\u00e3o, a Berci promoveu a introdu\u00e7\u00e3o de algumas medidas importantes. S\u00e3o elas:<\/p>\n<h3><span style=\"font-size: 14pt;\">Implementa\u00e7\u00e3o de um Sistema de Gest\u00e3o Integrado<\/span><\/h3>\n<p>No contexto das normas de gest\u00e3o ambiental, o Sistema Integrado constituiu uma das altera\u00e7\u00f5es mais abrangentes. Esta estrutura permitiu \u00e0 Berci tratar os seus aspetos ambientais e melhorar continuamente o seu desempenho, minimizando impactos.<\/p>\n<p>A ado\u00e7\u00e3o destas normas n\u00e3o era vista como uma condi\u00e7\u00e3o obrigat\u00f3ria, mas foi uma op\u00e7\u00e3o estrat\u00e9gica escolhida pelos respons\u00e1veis da empresa.<\/p>\n<h3><span style=\"font-size: 14pt;\">Utiliza\u00e7\u00e3o de tintas amigas do meio ambiente<\/span><\/h3>\n<p>A Berci assumiu que um dos seus maiores compromissos era o da preven\u00e7\u00e3o da polui\u00e7\u00e3o, o que justifica a utiliza\u00e7\u00e3o de t\u00e9cnicas e tecnologias para evitar e minimizar a produ\u00e7\u00e3o de res\u00edduos e poluentes na fonte \u2013 reduzindo os riscos globais \u00e0 sa\u00fade humana e ao meio ambiente. Nesse aspeto, destaca-se a utiliza\u00e7\u00e3o de tintas eco-solventes que provocam um menor impacto no ambiente.<\/p>\n<h3><span style=\"font-size: 14pt;\">Modifica\u00e7\u00e3o dos equipamentos e m\u00e1quinas de impress\u00e3o<\/span><\/h3>\n<p>A <strong>empresa de impress\u00e3o digital<\/strong> em todos os formatos n\u00e3o teve receio em efetuar modifica\u00e7\u00f5es nos seus equipamentos, pr\u00e1ticas de trabalho e procedimentos internos para uma maior satisfa\u00e7\u00e3o dos clientes e minimiza\u00e7\u00e3o dos impactos ambientais. Os res\u00edduos s\u00e3o devidamente separados e entregues a operadores licenciados<\/p>\n<p>Al\u00e9m disso, foram implementadas melhorias na gest\u00e3o administrativa da empresa, o que resultou numa maior efic\u00e1cia de aproveitamento das mat\u00e9rias-primas, \u00e1gua e energia.<\/p>\n<p><img loading=\"lazy\" decoding=\"async\" class=\"alignnone wp-image-153 size-large\" title=\"empresa de impress\u00e3o digital \" src=\"https:\/\/www.berci.pt\/blog\/wp-content\/uploads\/2018\/12\/impressora_peno-formato-1024x836.jpg\" alt=\"empresa de impress\u00e3o digital \" width=\"629\" height=\"514\" srcset=\"https:\/\/www.berci.pt\/blog\/wp-content\/uploads\/2018\/12\/impressora_peno-formato-1024x836.jpg 1024w, https:\/\/www.berci.pt\/blog\/wp-content\/uploads\/2018\/12\/impressora_peno-formato-300x245.jpg 300w, https:\/\/www.berci.pt\/blog\/wp-content\/uploads\/2018\/12\/impressora_peno-formato-768x627.jpg 768w, https:\/\/www.berci.pt\/blog\/wp-content\/uploads\/2018\/12\/impressora_peno-formato-900x734.jpg 900w, https:\/\/www.berci.pt\/blog\/wp-content\/uploads\/2018\/12\/impressora_peno-formato-1280x1044.jpg 1280w\" sizes=\"(max-width: 629px) 100vw, 629px\" \/><\/p>\n<h2><span style=\"font-size: 18pt;\">A Berci \u00e9 uma <a href=\"https:\/\/www.berci.pt\/pt\/\" target=\"_blank\" rel=\"noopener\">empresa de impress\u00e3o digital<\/a> certificada<\/span><\/h2>\n<p>A Berci est\u00e1 certificada desde novembro de 2018 de acordo com as normas seguintes:<\/p>\n<h3><span style=\"font-size: 14pt;\">ISO 9001:2015 (sistemas de Gest\u00e3o de Qualidade)<\/span><\/h3>\n<p><img loading=\"lazy\" decoding=\"async\" class=\"alignnone wp-image-287 size-full\" title=\"ISO9001 - empresa de impress\u00e3o digital \" src=\"https:\/\/www.berci.pt\/blog\/wp-content\/uploads\/2019\/03\/ISO9001.png\" alt=\"ISO9001 - empresa de impress\u00e3o digital \" width=\"630\" height=\"883\" srcset=\"https:\/\/www.berci.pt\/blog\/wp-content\/uploads\/2019\/03\/ISO9001.png 630w, https:\/\/www.berci.pt\/blog\/wp-content\/uploads\/2019\/03\/ISO9001-214x300.png 214w\" sizes=\"(max-width: 630px) 100vw, 630px\" \/><\/p>\n<p>Adotar e desenvolver um Sistema de Gest\u00e3o de Qualidade ISO 9001 \u00e9 uma decis\u00e3o estrat\u00e9gica que permite \u00e0s empresas potenciar de forma continuada o desempenho geral e manter o foco na oferta de produtos e servi\u00e7os de qualidade aos seus clientes.<\/p>\n<h3><span style=\"font-size: 14pt;\">ISO 14001:2015 (Sistemas de Gest\u00e3o Ambiental)<\/span><\/h3>\n<p><img loading=\"lazy\" decoding=\"async\" class=\"alignnone wp-image-288 size-full\" title=\"ISO14001 - empresa de impress\u00e3o digital \" src=\"https:\/\/www.berci.pt\/blog\/wp-content\/uploads\/2019\/03\/ISO14001.png\" alt=\"ISO14001 - empresa de impress\u00e3o digital \" width=\"631\" height=\"866\" srcset=\"https:\/\/www.berci.pt\/blog\/wp-content\/uploads\/2019\/03\/ISO14001.png 631w, https:\/\/www.berci.pt\/blog\/wp-content\/uploads\/2019\/03\/ISO14001-219x300.png 219w\" sizes=\"(max-width: 631px) 100vw, 631px\" \/><\/p>\n<p>Ter o certificado de Sistema de Gest\u00e3o Ambiental 14001:2015 equivale \u00e0 necessidade de ter uma maior sensibiliza\u00e7\u00e3o e consciencializa\u00e7\u00e3o da sociedade para a preserva\u00e7\u00e3o, prote\u00e7\u00e3o e melhoria do meio ambiente.<\/p>\n<p>Isto s\u00f3 acontece se as empresas desenvolverem e implementarem procedimentos espec\u00edficos que lhes permitam controlar o impacto ambiental das suas atividades, produtos ou servi\u00e7os, como \u00e9 o caso da Berci.<\/p>\n<p>Estas normas certificam a Berci na \u00e1rea da elabora\u00e7\u00e3o, montagem e desmontagem de todos os tipos de media utilizados para comunica\u00e7\u00e3o e publicidade. Al\u00e9m disso, tamb\u00e9m atesta a <strong>empresa de qualidade na \u00e1rea da impress\u00e3o digital<\/strong> em grandes e pequenos formatos.<\/p>\n<p>Se est\u00e1 \u00e0 procura de uma <a href=\"https:\/\/www.berci.pt\/pt\/\" target=\"_blank\" rel=\"noopener\">empresa de impress\u00e3o digital<\/a> amiga do ambiente e com produtos de elevada qualidade, a Berci \u00e9 a solu\u00e7\u00e3o ideal para o seu neg\u00f3cio. Ligue j\u00e1 o (+351) 253 597 082 ou envie um email para o endere\u00e7o <a href=\"mailto:geral@berci.pt\" target=\"_blank\" rel=\"noopener\">geral@berci.pt<\/a> para adquirir os seus servi\u00e7os.<\/p>\n","protected":false},"excerpt":{"rendered":"<p>A preocupa\u00e7\u00e3o ambiental \u00e9 uma realidade a que a maior parte das pessoas e empresas est\u00e3o cada vez mais atentas. E ainda bem que o fazem porque o nosso futuro depende disso. A Berci \u00e9 uma empresa de impress\u00e3o digital que n\u00e3o \u00e9 exce\u00e7\u00e3o e&hellip;<\/p>\n","protected":false},"author":1,"featured_media":289,"comment_status":"closed","ping_status":"closed","sticky":false,"template":"","format":"standard","meta":{"footnotes":""},"categories":[13],"tags":[48,49,47],"_links":{"self":[{"href":"https:\/\/www.berci.pt\/blog\/wp-json\/wp\/v2\/posts\/286"}],"collection":[{"href":"https:\/\/www.berci.pt\/blog\/wp-json\/wp\/v2\/posts"}],"about":[{"href":"https:\/\/www.berci.pt\/blog\/wp-json\/wp\/v2\/types\/post"}],"author":[{"embeddable":true,"href":"https:\/\/www.berci.pt\/blog\/wp-json\/wp\/v2\/users\/1"}],"replies":[{"embeddable":true,"href":"https:\/\/www.berci.pt\/blog\/wp-json\/wp\/v2\/comments?post=286"}],"version-history":[{"count":3,"href":"https:\/\/www.berci.pt\/blog\/wp-json\/wp\/v2\/posts\/286\/revisions"}],"predecessor-version":[{"id":295,"href":"https:\/\/www.berci.pt\/blog\/wp-json\/wp\/v2\/posts\/286\/revisions\/295"}],"wp:featuredmedia":[{"embeddable":true,"href":"https:\/\/www.berci.pt\/blog\/wp-json\/wp\/v2\/media\/289"}],"wp:attachment":[{"href":"https:\/\/www.berci.pt\/blog\/wp-json\/wp\/v2\/media?parent=286"}],"wp:term":[{"taxonomy":"category","embeddable":true,"href":"https:\/\/www.berci.pt\/blog\/wp-json\/wp\/v2\/categories?post=286"},{"taxonomy":"post_tag","embeddable":true,"href":"https:\/\/www.berci.pt\/blog\/wp-json\/wp\/v2\/tags?post=286"}],"curies":[{"name":"wp","href":"https:\/\/api.w.org\/{rel}","templated":true}]}}