{"id":390,"date":"2019-06-28T10:37:03","date_gmt":"2019-06-28T10:37:03","guid":{"rendered":"https:\/\/www.berci.pt\/blog\/?p=390"},"modified":"2019-06-28T10:38:33","modified_gmt":"2019-06-28T10:38:33","slug":"saiba-como-fazer-uma-correta-manutencao-das-bandeiras-publicitarias","status":"publish","type":"post","link":"https:\/\/www.berci.pt\/blog\/saiba-como-fazer-uma-correta-manutencao-das-bandeiras-publicitarias\/","title":{"rendered":"Saiba como fazer uma correta manuten\u00e7\u00e3o das bandeiras publicit\u00e1rias"},"content":{"rendered":"<p>As <strong>bandeiras publicit\u00e1rias<\/strong> s\u00e3o um excelente suporte de comunica\u00e7\u00e3o para as empresas que pretendem promover um dado evento, feira, exposi\u00e7\u00e3o, stand autom\u00f3vel ou at\u00e9 bomba de gasolina, se for esse o caso do seu neg\u00f3cio.<\/p>\n<p><!--more--><\/p>\n<p>No entanto, este formato de <a href=\"https:\/\/www.berci.pt\/pt\/impressao-textil-bandeiras-publicitarias\" target=\"_blank\" rel=\"noopener\">impress\u00e3o digital t\u00eaxtil<\/a> tamb\u00e9m apresenta um enorme desgaste e uma reduzida durabilidade com o passar do tempo se n\u00e3o forem realizadas determinadas tarefas de manuten\u00e7\u00e3o.<\/p>\n<p>Saiba como fazer uma correta manuten\u00e7\u00e3o das <strong>bandeiras publicit\u00e1rias<\/strong> ao observar as 5 dicas seguintes:<\/p>\n<h2><span style=\"font-size: 18pt;\">1. Fa\u00e7a uma utiliza\u00e7\u00e3o correta das <span style=\"color: #000000;\"><a style=\"color: #000000;\" href=\"https:\/\/www.berci.pt\/pt\/impressao-textil-bandeiras-publicitarias\" target=\"_blank\" rel=\"noopener\">bandeiras publicit\u00e1rias<\/a><\/span><\/span><\/h2>\n<p><img loading=\"lazy\" decoding=\"async\" class=\"alignnone wp-image-391 size-full\" title=\"Bandeiras publicit\u00e1rias Berci\" src=\"https:\/\/www.berci.pt\/blog\/wp-content\/uploads\/2019\/06\/Bandeiras-publicit\u00e1rias-Berci.jpg\" alt=\"Bandeiras publicit\u00e1rias Berci\" width=\"963\" height=\"1283\" srcset=\"https:\/\/www.berci.pt\/blog\/wp-content\/uploads\/2019\/06\/Bandeiras-publicit\u00e1rias-Berci.jpg 963w, https:\/\/www.berci.pt\/blog\/wp-content\/uploads\/2019\/06\/Bandeiras-publicit\u00e1rias-Berci-225x300.jpg 225w, https:\/\/www.berci.pt\/blog\/wp-content\/uploads\/2019\/06\/Bandeiras-publicit\u00e1rias-Berci-768x1023.jpg 768w, https:\/\/www.berci.pt\/blog\/wp-content\/uploads\/2019\/06\/Bandeiras-publicit\u00e1rias-Berci-769x1024.jpg 769w, https:\/\/www.berci.pt\/blog\/wp-content\/uploads\/2019\/06\/Bandeiras-publicit\u00e1rias-Berci-900x1199.jpg 900w\" sizes=\"(max-width: 963px) 100vw, 963px\" \/><\/p>\n<p>H\u00e1 <strong>modelos de bandeiras publicit\u00e1rias<\/strong> mais apropriadas para uma utiliza\u00e7\u00e3o exterior, uma vez que conseguem cativar e chamar a aten\u00e7\u00e3o dos clientes que passam \u00e0 porta do seu estabelecimento comercial. \u00c9 o caso das bandeiras com a estrutura de vela como as <a href=\"https:\/\/www.berci.pt\/pt\/impressao-textil-bandeiras-publicitarias-wing-3-45-m\" target=\"_blank\" rel=\"noopener\">bandeiras publicit\u00e1rias Wing<\/a>, a estrutura em asa como \u00e9 o caso das <a href=\"https:\/\/www.berci.pt\/pt\/impressao-textil-bandeiras-publicitarias-giant-pole-wing-6-3-m\" target=\"_blank\" rel=\"noopener\">Giant Pole<\/a> e a <a href=\"https:\/\/www.berci.pt\/pt\/impressao-textil-bandeiras-publicitarias-gota-2-2-m\" target=\"_blank\" rel=\"noopener\">gota<\/a>, entre outros formatos.<\/p>\n<p>No entanto, tamb\u00e9m existe a possibilidade de usar <strong>bandeiras publicit\u00e1rias 3D<\/strong> e estas s\u00e3o mais indicadas para iluminar um determinado espa\u00e7o interior de dia ou de noite, conforme as suas necessidades.<\/p>\n<p>Conhe\u00e7a algumas das vantagens deste tipo de <strong>produto de grande formato<\/strong> ao consultar o artigo seguinte do nosso blog: \u201c<a href=\"https:\/\/www.berci.pt\/blog\/vantagens-das-bandeiras-publicitarias-em-3d\/\" target=\"_blank\" rel=\"noopener\">Principais vantagens das bandeiras publicit\u00e1rias em 3D<\/a>\u201d.<\/p>\n<p>Por\u00e9m, \u00e9 recomend\u00e1vel que as bandeiras publicit\u00e1rias que foram impressas para uma utiliza\u00e7\u00e3o externa sejam apenas exibidas no seu exterior e vice-versa. S\u00f3 assim \u00e9 que conseguir\u00e1 tomar o m\u00e1ximo partido das caracter\u00edsticas e das fun\u00e7\u00f5es de cada tipo de bandeira publicit\u00e1ria.<\/p>\n<h2><span style=\"font-size: 18pt;\">2. N\u00e3o exponha as bandeiras publicit\u00e1rias a condi\u00e7\u00f5es climat\u00e9ricas extremas<\/span><\/h2>\n<p>Este tipo de <strong>formato de impress\u00e3o digital t\u00eaxtil<\/strong> apresenta um enorme desgaste face \u00e0s condi\u00e7\u00f5es climat\u00e9ricas mais adversas &#8211; ocorr\u00eancia de ventos fortes, exposi\u00e7\u00e3o a longos epis\u00f3dios de chuva\/sol ou outros tipos de intemp\u00e9ries &#8211; e, como tal, deve evitar a sua exibi\u00e7\u00e3o durante estes per\u00edodos.<\/p>\n<p>Este tipo de condi\u00e7\u00f5es atmosf\u00e9ricas tendem a reduzir consideravelmente a vida \u00fatil de uma bandeira publicit\u00e1ria, o que leva \u00e0 necessidade da sua r\u00e1pida substitui\u00e7\u00e3o.<\/p>\n<h2><span style=\"font-size: 18pt;\">3. N\u00e3o exiba bandeiras publicit\u00e1rias molhadas<\/span><\/h2>\n<p>De modo a n\u00e3o perderem a sua efic\u00e1cia de comunica\u00e7\u00e3o, as <strong>bandeiras publicit\u00e1rias<\/strong> n\u00e3o devem ser expostas quando se encontram molhadas. Se o fizer, \u00e9 natural que exista uma sobrecarga elevada no tecido da bandeira e isso pode conduzir \u00e0 rutura das respetivas costuras.<\/p>\n<p>Sempre que notar que a bandeira publicit\u00e1ria est\u00e1 molhada, \u00e9 recomend\u00e1vel que a retire do local onde se encontra em exibi\u00e7\u00e3o e a coloque estendida no espa\u00e7o interior do seu estabelecimento para secar totalmente.<\/p>\n<p>Tenha o cuidado de n\u00e3o dobrar ou guardar este tipo de produto molhado ou h\u00famido, caso contr\u00e1rio poder\u00e1 estar a danificar a sua forma e aspeto.<\/p>\n<h2><span style=\"font-size: 18pt;\">4. Realize uma limpeza regular das bandeiras publicit\u00e1rias<\/span><\/h2>\n<p><img loading=\"lazy\" decoding=\"async\" class=\"alignnone wp-image-394 size-full\" title=\"Bandeiras publicit\u00e1rias Berci\" src=\"https:\/\/www.berci.pt\/blog\/wp-content\/uploads\/2019\/06\/Bandeiras-Berci.jpg\" alt=\"Bandeiras publicit\u00e1rias Berci\" width=\"963\" height=\"1283\" srcset=\"https:\/\/www.berci.pt\/blog\/wp-content\/uploads\/2019\/06\/Bandeiras-Berci.jpg 963w, https:\/\/www.berci.pt\/blog\/wp-content\/uploads\/2019\/06\/Bandeiras-Berci-225x300.jpg 225w, https:\/\/www.berci.pt\/blog\/wp-content\/uploads\/2019\/06\/Bandeiras-Berci-768x1023.jpg 768w, https:\/\/www.berci.pt\/blog\/wp-content\/uploads\/2019\/06\/Bandeiras-Berci-769x1024.jpg 769w, https:\/\/www.berci.pt\/blog\/wp-content\/uploads\/2019\/06\/Bandeiras-Berci-900x1199.jpg 900w\" sizes=\"(max-width: 963px) 100vw, 963px\" \/><\/p>\n<p>Para que as bandeiras publicit\u00e1rias durem o m\u00e1ximo de tempo poss\u00edvel, \u00e9 aconselh\u00e1vel que sejam limpas com frequ\u00eancia de forma a manter as suas cores belas e brilhantes. Normalmente, o p\u00f3 e a fuligem que se encontram espalhados no ar tendem a enrijecer e escurecer o tecido das bandeiras e, consequentemente, a descolorar as respetivas cores.<\/p>\n<p>Tenha tamb\u00e9m em aten\u00e7\u00e3o o local onde ir\u00e1 expor as suas bandeiras publicit\u00e1rias para que estas n\u00e3o fiquem perto de superf\u00edcies \u00e1speras ou pontiagudas, caso contr\u00e1rio o risco de rasgarem s\u00e3o exponencialmente maiores.<\/p>\n<h2><span style=\"font-size: 18pt;\">5. Cuide da superf\u00edcie das estruturas publicit\u00e1rias<\/span><\/h2>\n<p>As <strong>estruturas publicit\u00e1rias<\/strong>, como por exemplo os postes onde as bandeiras s\u00e3o exibidas, podem danificar consideravelmente o tecido das mesmas. Para que isso n\u00e3o aconte\u00e7a, mantenha a superf\u00edcie dos postes sempre limpa e desimpedida.<\/p>\n<p>Al\u00e9m disso, \u00e9 conveniente que analise regularmente o estado da sua bandeira publicit\u00e1ria para ver se existem potenciais sinais de desgaste \u2013 como quebra de linhas ou tecido raspado ou rompido \u2013 que colocar\u00e3o em causa a longevidade do seu <strong>suporte publicit\u00e1rio<\/strong>.<\/p>\n<p>Por vezes, \u00e9 prefer\u00edvel aparar as pontas rasgadas ou desgastadas de uma bandeira publicit\u00e1ria de modo a aumentar a sua vida \u00fatil.<\/p>\n<p>Estas s\u00e3o algumas das dicas que dever\u00e1 colocar em pr\u00e1tica para fazer uma correta <strong>manuten\u00e7\u00e3o das suas bandeiras publicit\u00e1rias<\/strong>. Contudo, se verificar que as mesmas j\u00e1 ultrapassaram o respetivo prazo de validade, n\u00e3o h\u00e1 forma de contornar que ter\u00e1 de adquirir novos suportes de comunica\u00e7\u00e3o publicit\u00e1ria para a sua empresa.<\/p>\n<p>Se \u00e9 esse o caso, ligue o (+351) 253 597 082 ou envie um email para o endere\u00e7o <a href=\"mailto:geral@berci.pt\" target=\"_blank\" rel=\"noopener\">geral@berci.pt<\/a> e encomende j\u00e1 as <a href=\"https:\/\/www.berci.pt\/pt\/impressao-textil-bandeiras-publicitarias\" target=\"_blank\" rel=\"noopener\">bandeiras publicit\u00e1rias<\/a> que v\u00e3o dar uma maior exposi\u00e7\u00e3o e visibilidade aos produtos ou servi\u00e7os da sua empresa.<\/p>\n","protected":false},"excerpt":{"rendered":"<p>As bandeiras publicit\u00e1rias s\u00e3o um excelente suporte de comunica\u00e7\u00e3o para as empresas que pretendem promover um dado evento, feira, exposi\u00e7\u00e3o, stand autom\u00f3vel ou at\u00e9 bomba de gasolina, se for esse o caso do seu neg\u00f3cio.<\/p>\n","protected":false},"author":1,"featured_media":392,"comment_status":"closed","ping_status":"closed","sticky":false,"template":"","format":"standard","meta":{"footnotes":""},"categories":[63,10,4],"tags":[57,12],"_links":{"self":[{"href":"https:\/\/www.berci.pt\/blog\/wp-json\/wp\/v2\/posts\/390"}],"collection":[{"href":"https:\/\/www.berci.pt\/blog\/wp-json\/wp\/v2\/posts"}],"about":[{"href":"https:\/\/www.berci.pt\/blog\/wp-json\/wp\/v2\/types\/post"}],"author":[{"embeddable":true,"href":"https:\/\/www.berci.pt\/blog\/wp-json\/wp\/v2\/users\/1"}],"replies":[{"embeddable":true,"href":"https:\/\/www.berci.pt\/blog\/wp-json\/wp\/v2\/comments?post=390"}],"version-history":[{"count":2,"href":"https:\/\/www.berci.pt\/blog\/wp-json\/wp\/v2\/posts\/390\/revisions"}],"predecessor-version":[{"id":395,"href":"https:\/\/www.berci.pt\/blog\/wp-json\/wp\/v2\/posts\/390\/revisions\/395"}],"wp:featuredmedia":[{"embeddable":true,"href":"https:\/\/www.berci.pt\/blog\/wp-json\/wp\/v2\/media\/392"}],"wp:attachment":[{"href":"https:\/\/www.berci.pt\/blog\/wp-json\/wp\/v2\/media?parent=390"}],"wp:term":[{"taxonomy":"category","embeddable":true,"href":"https:\/\/www.berci.pt\/blog\/wp-json\/wp\/v2\/categories?post=390"},{"taxonomy":"post_tag","embeddable":true,"href":"https:\/\/www.berci.pt\/blog\/wp-json\/wp\/v2\/tags?post=390"}],"curies":[{"name":"wp","href":"https:\/\/api.w.org\/{rel}","templated":true}]}}