{"id":489,"date":"2020-09-08T16:59:38","date_gmt":"2020-09-08T16:59:38","guid":{"rendered":"https:\/\/www.berci.pt\/blog\/?p=489"},"modified":"2020-10-06T15:37:38","modified_gmt":"2020-10-06T15:37:38","slug":"impressao-em-grande-formato","status":"publish","type":"post","link":"https:\/\/www.berci.pt\/blog\/impressao-em-grande-formato\/","title":{"rendered":"Grande Formato: 5 dicas para fazer &#8220;impress\u00e3o&#8221;"},"content":{"rendered":"<p>Grande formato \u00e9 uma das solu\u00e7\u00f5es digitais mais procuradas pelas empresas, marcas ou projetos que querem evidenciar os seus produtos e\/ou servi\u00e7os em determinados espa\u00e7os exteriores e interiores.<\/p>\n<p><!--more--><\/p>\n<p>H\u00e1 v\u00e1rios tipos de <strong>grande formato<\/strong> dispon\u00edveis no mercado que podem ser adquiridas, como a tela <a href=\"https:\/\/www.berci.pt\/pt\/impressao-telas-publicitarias-telas-publicitarias-telas-microperfuradas\">microperfurada<\/a>, (<a href=\"https:\/\/www.berci.pt\/pt\/impressao-telas-publicitarias-telas-publicitarias-tela-laminada-blockout\">Blockout)<\/a>, <a href=\"https:\/\/www.berci.pt\/pt\/impressao-telas-publicitarias-telas-publicitarias-tela-laminada-blockout\">frontlit<\/a>, <a href=\"https:\/\/www.berci.pt\/pt\/impressao-telas-publicitarias-telas-publicitarias-tela-backlit\">blacklit,<\/a>\u00a0cartazes exteriores e mupis, entre outros modelos de grande formato.<\/p>\n<p>Todas estas produ\u00e7\u00f5es publicit\u00e1rias devem obedecer a grandes cuidados para que a <strong>impress\u00e3o de grande formato<\/strong> escolhida tenha um resultado final impactante e extraordin\u00e1rio. Conhe\u00e7a as 5 dicas seguintes o conseguir:<\/p>\n<h2><span style=\"font-size: 18pt;\">1. Opte por um design simples e minimalista<\/span><\/h2>\n<div id=\"attachment_721\" style=\"width: 970px\" class=\"wp-caption alignnone\"><img loading=\"lazy\" decoding=\"async\" aria-describedby=\"caption-attachment-721\" class=\"size-full wp-image-721\" src=\"https:\/\/www.berci.pt\/blog\/wp-content\/uploads\/2020\/03\/outdoor.jpg\" alt=\"Tela Blockout\" width=\"960\" height=\"960\" srcset=\"https:\/\/www.berci.pt\/blog\/wp-content\/uploads\/2020\/03\/outdoor.jpg 960w, https:\/\/www.berci.pt\/blog\/wp-content\/uploads\/2020\/03\/outdoor-150x150.jpg 150w, https:\/\/www.berci.pt\/blog\/wp-content\/uploads\/2020\/03\/outdoor-300x300.jpg 300w, https:\/\/www.berci.pt\/blog\/wp-content\/uploads\/2020\/03\/outdoor-768x768.jpg 768w, https:\/\/www.berci.pt\/blog\/wp-content\/uploads\/2020\/03\/outdoor-88x88.jpg 88w, https:\/\/www.berci.pt\/blog\/wp-content\/uploads\/2020\/03\/outdoor-900x900.jpg 900w\" sizes=\"(max-width: 960px) 100vw, 960px\" \/><p id=\"caption-attachment-721\" class=\"wp-caption-text\">Tela Blockout<\/p><\/div>\n<p>Para beneficiar de um excelente trabalho final na <strong>impress\u00e3o digital de grande formato<\/strong>, independentemente dos suportes publicit\u00e1rios escolhidos, \u00e9 necess\u00e1rio que tenha em considera\u00e7\u00e3o o design que vai usar em cada um deles: quanto mais simples, melhor.<\/p>\n<p>Por exemplo, \u00e9 pr\u00e1tica comum que exista muito espa\u00e7o livre por preencher numa <strong>tela microperfurada<\/strong> e, como tal, \u00e9 fundamental que os elementos que l\u00e1 forem colocados n\u00e3o fiquem sobrepostos e\/ou desorganizados.<\/p>\n<p>Para conhecer melhor as vantagens deste tipo de impress\u00e3o de grande formato, consulte o artigo do nosso blog \u201c<a href=\"https:\/\/www.berci.pt\/blog\/telas-microperfuradas-quais-as-suas-principais-vantagens\/\" target=\"_blank\" rel=\"noopener\">Telas microperfuradas: Quais as suas principais vantagens?<\/a>\u201d e fique a conhecer os benef\u00edcios que este tipo de suporte publicit\u00e1rio oferece ao seu neg\u00f3cio.<\/p>\n<p>Tenha em mente que ao trabalhar o design de um determinado <strong>formato publicit\u00e1rio<\/strong> <strong>de grandes dimens\u00f5es<\/strong> deve considerar os aspetos seguintes:<\/p>\n<ul>\n<li>A mensagem a ser transmitida.<\/li>\n<li>A escolha da imagem de fundo para evidenciar o produto\/servi\u00e7o que quer destacar\/promover.<\/li>\n<li>Os elementos que fazem parte da identidade gr\u00e1fica da sua empresa (logotipo, slogan e nome da sua marca).<\/li>\n<li>Os espa\u00e7os vazios ou \u201cem branco\u201d para a obten\u00e7\u00e3o de um design simples e minimalista &#8211; evitam ru\u00eddos desnecess\u00e1rios na mensagem a ser transmitida.<\/li>\n<li>A utiliza\u00e7\u00e3o de fontes (o estilo de letra usado) que proporcionem uma excelente leitura.<\/li>\n<li>As cores estejam em harmonia em todo o Design e que consigam destacar a mensagem mais importante. Normalmente os t\u00edtulos.<\/li>\n<li>A introdu\u00e7\u00e3o de margens no <strong>trabalho de impress\u00e3o de grande formato<\/strong> que, de certa forma, vai contribuir para a harmoniza\u00e7\u00e3o de todos os elementos (basta deixar uns cent\u00edmetros nas laterais, topo e em baixo).<\/li>\n<li>O uso de cores, sem nunca esquecer a m\u00e1xima de que o \u201cmenos \u00e9 mais\u201d.<\/li>\n<\/ul>\n<h2><span style=\"font-size: 18pt;\">2. Pense de maneira diferente\u2026seja o mais criativo poss\u00edvel!<\/span><\/h2>\n<p>Atualmente h\u00e1 uma enorme <strong>competi\u00e7\u00e3o no mercado publicit\u00e1rio<\/strong> e para que a sua marca, empresa ou projeto se distinga dos demais, \u00e9 fundamental que pense diferente de todas elas; \u201cfora da caixa\u201d como dizem os gurus do digital.<\/p>\n<p>Nesse sentido, \u00e9 importante que seja o mais criativo poss\u00edvel para que os produtos ou servi\u00e7os que estiverem a ser destacados\/promovidos com a respetiva impress\u00e3o digital tenham um maior valor para quem os recebe.<\/p>\n<p>Sempre que puder, tenha o cuidado de participar em feiras ou eventos relacionados com a sua \u00e1rea de neg\u00f3cio, uma vez que isso vai permitir-lhe estar a par das \u00faltimas novidades e tend\u00eancias do mercado e estar um passo \u00e0 frente da sua concorr\u00eancia.<\/p>\n<h2><span style=\"font-size: 18pt;\">3. Crie uma necessidade na mente do seu p\u00fablico-alvo<\/span><\/h2>\n<p>Muitas vezes encontramos trabalhos digitais de grande formato que est\u00e3o uma verdadeira confus\u00e3o e que n\u00e3o se entendem muito bem o que representam na pr\u00e1tica. Isto acontece porque a mensagem l\u00e1 veiculada n\u00e3o apresenta uma dire\u00e7\u00e3o que oriente corretamente o leitor.<\/p>\n<p>\u00c9 aconselh\u00e1vel que a mensagem publicit\u00e1ria transmitida obede\u00e7a aos 3 c\u00b4s da comunica\u00e7\u00e3o: Clareza, corre\u00e7\u00e3o e concis\u00e3o. S\u00f3 assim \u00e9 que conseguir\u00e1 criar uma necessidade na mente do seu p\u00fablico-alvo e beneficiar\u00e1 de um excelente trabalho final da sua impress\u00e3o.<\/p>\n<h2><span style=\"font-size: 18pt;\">4. N\u00e3o descure a qualidade final da <span style=\"color: #000000;\">impress\u00e3o em grande formato <\/span>sob qualquer pretexto<\/span><\/h2>\n<p><a href=\"https:\/\/www.berci.pt\/pt\/impressao-grande-formato\" target=\"_blank\" rel=\"noopener\"><img loading=\"lazy\" decoding=\"async\" class=\"alignnone wp-image-399 size-full\" title=\"Impress\u00e3o em grande formato\" src=\"https:\/\/www.berci.pt\/blog\/wp-content\/uploads\/2019\/07\/Impress\u00e3o-em-Grande-Formato-qualidade-de-impress\u00e3o.png\" alt=\"Impress\u00e3o em grande formato\" width=\"800\" height=\"400\" srcset=\"https:\/\/www.berci.pt\/blog\/wp-content\/uploads\/2019\/07\/Impress\u00e3o-em-Grande-Formato-qualidade-de-impress\u00e3o.png 800w, https:\/\/www.berci.pt\/blog\/wp-content\/uploads\/2019\/07\/Impress\u00e3o-em-Grande-Formato-qualidade-de-impress\u00e3o-300x150.png 300w, https:\/\/www.berci.pt\/blog\/wp-content\/uploads\/2019\/07\/Impress\u00e3o-em-Grande-Formato-qualidade-de-impress\u00e3o-768x384.png 768w\" sizes=\"(max-width: 800px) 100vw, 800px\" \/><\/a><\/p>\n<p>Por vezes as empresas optam por escolher os <strong>suportes de impress\u00e3o digital de grande formato mais baratos<\/strong> com o intuito de reduzir as suas despesas e com isso poupar algum dinheiro e isso \u00e9 um erro que poder\u00e1 trazer consequ\u00eancias muito graves a um neg\u00f3cio.<\/p>\n<p>N\u00e3o o fa\u00e7a sob qualquer circunst\u00e2ncia, uma vez que isso compromete a qualidade do seu servi\u00e7o e afasta os seus atuais e eventuais futuros clientes. \u00c9 prefer\u00edvel gastar um pouco mais de uma s\u00f3 vez num bom produto, do que gastar muitas vezes num mau.<\/p>\n<h2><span style=\"font-size: 18pt;\">5. Escolha uma empresa de impress\u00e3o digital preocupada e dedicada<\/span><\/h2>\n<p>Hoje em dia h\u00e1 v\u00e1rias empresas que atuam no mercado da impress\u00e3o digital. No entanto, a <a href=\"https:\/\/www.berci.pt\"><strong>Berci <\/strong><\/a>\u00e9 uma empresa especializada na <strong>impress\u00e3o em grande formato<\/strong> e \u00e9, sem d\u00favida, uma das melhores op\u00e7\u00f5es para quem procura por produtos e servi\u00e7os de impress\u00e3o de qualidade.<\/p>\n<p>A Berci \u00e9 tamb\u00e9m uma empresa de impress\u00e3o digital certificada que se preocupa com o trabalho que executa para os seus clientes e parceiros, pois, entende que os seus trabalhos s\u00e3o tamb\u00e9m uma forma de promover e destacar a sua marca das demais.<\/p>\n<p>Se est\u00e1 \u00e0 procura de uma\u00a0empresa especializada em grande formato\u00a0com produtos de elevada qualidade, a Berci \u00e9 a solu\u00e7\u00e3o ideal para o seu neg\u00f3cio.<\/p>\n<p>Ligue j\u00e1 o (+351) 253 597 082 ou envie um email para o endere\u00e7o\u00a0<a href=\"mailto:geral@berci.pt\" target=\"_blank\" rel=\"noopener\">geral@berci.pt<\/a>\u00a0para adquirir os seus servi\u00e7os.<\/p>\n","protected":false},"excerpt":{"rendered":"<p>Grande formato \u00e9 uma das solu\u00e7\u00f5es digitais mais procuradas pelas empresas, marcas ou projetos que querem evidenciar os seus produtos e\/ou servi\u00e7os em determinados espa\u00e7os exteriores e interiores.<\/p>\n","protected":false},"author":1,"featured_media":294,"comment_status":"closed","ping_status":"closed","sticky":false,"template":"","format":"standard","meta":{"footnotes":""},"categories":[64,3,7,71,61,43],"tags":[18,49,19,62,44,45],"_links":{"self":[{"href":"https:\/\/www.berci.pt\/blog\/wp-json\/wp\/v2\/posts\/489"}],"collection":[{"href":"https:\/\/www.berci.pt\/blog\/wp-json\/wp\/v2\/posts"}],"about":[{"href":"https:\/\/www.berci.pt\/blog\/wp-json\/wp\/v2\/types\/post"}],"author":[{"embeddable":true,"href":"https:\/\/www.berci.pt\/blog\/wp-json\/wp\/v2\/users\/1"}],"replies":[{"embeddable":true,"href":"https:\/\/www.berci.pt\/blog\/wp-json\/wp\/v2\/comments?post=489"}],"version-history":[{"count":8,"href":"https:\/\/www.berci.pt\/blog\/wp-json\/wp\/v2\/posts\/489\/revisions"}],"predecessor-version":[{"id":834,"href":"https:\/\/www.berci.pt\/blog\/wp-json\/wp\/v2\/posts\/489\/revisions\/834"}],"wp:featuredmedia":[{"embeddable":true,"href":"https:\/\/www.berci.pt\/blog\/wp-json\/wp\/v2\/media\/294"}],"wp:attachment":[{"href":"https:\/\/www.berci.pt\/blog\/wp-json\/wp\/v2\/media?parent=489"}],"wp:term":[{"taxonomy":"category","embeddable":true,"href":"https:\/\/www.berci.pt\/blog\/wp-json\/wp\/v2\/categories?post=489"},{"taxonomy":"post_tag","embeddable":true,"href":"https:\/\/www.berci.pt\/blog\/wp-json\/wp\/v2\/tags?post=489"}],"curies":[{"name":"wp","href":"https:\/\/api.w.org\/{rel}","templated":true}]}}