{"id":497,"date":"2019-11-15T15:31:42","date_gmt":"2019-11-15T15:31:42","guid":{"rendered":"https:\/\/www.berci.pt\/blog\/?p=497"},"modified":"2019-11-26T09:49:07","modified_gmt":"2019-11-26T09:49:07","slug":"campanha-natal-impressoes-criativas","status":"publish","type":"post","link":"https:\/\/www.berci.pt\/blog\/campanha-natal-impressoes-criativas\/","title":{"rendered":"Campanha de Natal de \u00faltima hora: 5 exemplos de impress\u00f5es criativas de Natal"},"content":{"rendered":"<p>Ainda n\u00e3o preparou a sua campanha de Natal? O Natal est\u00e1 a\u00ed \u00e0 porta e \u00e9 uma oportunidade de ouro para promover os seus produtos e servi\u00e7os. O Natal \u00e9 uma \u00e9poca especial do ano.<\/p>\n<p><!--more--><\/p>\n<p>Tanto pode lan\u00e7ar intensas campanhas de vendas de Natal, como realizar um simples agradecimento aos seus clientes, parceiros , funcion\u00e1rios ou fornecedores. E como o fazer de<br \/>\nforma original e impactante? Atrav\u00e9s de impress\u00f5es criativas!<\/p>\n<p>Sejam impress\u00f5es em grandes formatos, ou uma mera impress\u00e3o digital em pequeno formato, a Berci cria um design apelativo e o aplica a todos os tipos de suportes.<\/p>\n<p>Inspire-se com alguns exemplos de impress\u00f5es de Natal que pode fazer na Berci.<\/p>\n<h2><b>1. Postais de Natal<\/b><\/h2>\n<p><a href=\"https:\/\/www.pinterest.com\/pin\/192528952806683326\/\" target=\"_blank\" rel=\"noopener\"><img loading=\"lazy\" decoding=\"async\" class=\"alignnone wp-image-504 size-full\" src=\"https:\/\/www.berci.pt\/blog\/wp-content\/uploads\/2019\/11\/postal-de-natal.jpg\" alt=\"postal de natal impressao\" width=\"530\" height=\"530\" srcset=\"https:\/\/www.berci.pt\/blog\/wp-content\/uploads\/2019\/11\/postal-de-natal.jpg 530w, https:\/\/www.berci.pt\/blog\/wp-content\/uploads\/2019\/11\/postal-de-natal-150x150.jpg 150w, https:\/\/www.berci.pt\/blog\/wp-content\/uploads\/2019\/11\/postal-de-natal-300x300.jpg 300w, https:\/\/www.berci.pt\/blog\/wp-content\/uploads\/2019\/11\/postal-de-natal-88x88.jpg 88w\" sizes=\"(max-width: 530px) 100vw, 530px\" \/><\/a><\/p>\n<p><span style=\"font-weight: 400;\">Enviar mensagens de Natal aos clientes \u00e9 uma pr\u00e1tica comum das empresas.\u00a0 \u00c9 um pequeno gesto que o cliente n\u00e3o deixar\u00e1 passar despercebido. Tanto pode enviar estas mensagens de Natal para os clientes em formato f\u00edsico ou digital. Contudo, o Natal \u00e9 tradicional e o formato f\u00edsico tem mais impacto.<\/span><\/p>\n<p><span style=\"font-weight: 400;\">N\u00e3o se esque\u00e7a que nos <a href=\"https:\/\/www.berci.pt\/pt\/postais\" target=\"_blank\" rel=\"noopener\">postais de Natal<\/a> n\u00e3o deve faltar o log\u00f3tipo ou o nome da empresa.<\/span><\/p>\n<h2><b>2. Caneca de Natal<\/b><\/h2>\n<p><a href=\"https:\/\/www.pinterest.pt\/pin\/575757133611980915\/\" target=\"_blank\" rel=\"noopener\"><img loading=\"lazy\" decoding=\"async\" class=\"alignnone wp-image-505\" src=\"https:\/\/www.berci.pt\/blog\/wp-content\/uploads\/2019\/11\/9f7ceda27f5a00bd415b554a9d90a3b9.jpg\" alt=\"caneca de natal campanha\" width=\"530\" height=\"767\" srcset=\"https:\/\/www.berci.pt\/blog\/wp-content\/uploads\/2019\/11\/9f7ceda27f5a00bd415b554a9d90a3b9.jpg 563w, https:\/\/www.berci.pt\/blog\/wp-content\/uploads\/2019\/11\/9f7ceda27f5a00bd415b554a9d90a3b9-207x300.jpg 207w\" sizes=\"(max-width: 530px) 100vw, 530px\" \/><\/a><\/p>\n<p><span style=\"font-weight: 400;\">Natal \u00e9 sin\u00f3nimo de frio, mas tamb\u00e9m de calor humano. Pode mostrar o quanto gosta de algu\u00e9m com a <a href=\"https:\/\/www.berci.pt\/pt\/impressao-brindes\" target=\"_blank\" rel=\"noopener\">oferta de um brinde<\/a>. Uma ideia de brinde para este Natal \u00e9 uma caneca natal\u00edcia (original, pois claro).<\/span><\/p>\n<h2><b>3. Calend\u00e1rio de Natal<\/b><\/h2>\n<p><a href=\"https:\/\/www.pinterest.com\/pin\/345510602664783215\" target=\"_blank\" rel=\"noopener\"><img loading=\"lazy\" decoding=\"async\" class=\"alignnone wp-image-506\" src=\"https:\/\/www.berci.pt\/blog\/wp-content\/uploads\/2019\/11\/6bc5488022759082a91965b5d54f8d1e.jpg\" alt=\"calendario natalicio\" width=\"530\" height=\"768\" srcset=\"https:\/\/www.berci.pt\/blog\/wp-content\/uploads\/2019\/11\/6bc5488022759082a91965b5d54f8d1e.jpg 564w, https:\/\/www.berci.pt\/blog\/wp-content\/uploads\/2019\/11\/6bc5488022759082a91965b5d54f8d1e-207x300.jpg 207w\" sizes=\"(max-width: 530px) 100vw, 530px\" \/><\/a><\/p>\n<p><span style=\"font-weight: 400;\">Outra op\u00e7\u00e3o passa por oferecer um calend\u00e1rio de Natal ou um calend\u00e1rio para o ano novo que se aproxima. Lembre-se: esta \u00e9 a melhor altura do ano para mostrar aos clientes ou colaboradores o quanto os preza.\u00a0<\/span><\/p>\n<h2><b>4. Sistemas de exposi\u00e7\u00e3o<\/b><\/h2>\n<p><a href=\"https:\/\/www.pinterest.com\/pin\/201958364528093547\/\" target=\"_blank\" rel=\"noopener\"><img loading=\"lazy\" decoding=\"async\" class=\"alignnone wp-image-507\" src=\"https:\/\/www.berci.pt\/blog\/wp-content\/uploads\/2019\/11\/cavalete-de-natal.jpg\" alt=\"cavelete natal\u00edcio pub\" width=\"530\" height=\"530\" srcset=\"https:\/\/www.berci.pt\/blog\/wp-content\/uploads\/2019\/11\/cavalete-de-natal.jpg 400w, https:\/\/www.berci.pt\/blog\/wp-content\/uploads\/2019\/11\/cavalete-de-natal-150x150.jpg 150w, https:\/\/www.berci.pt\/blog\/wp-content\/uploads\/2019\/11\/cavalete-de-natal-300x300.jpg 300w, https:\/\/www.berci.pt\/blog\/wp-content\/uploads\/2019\/11\/cavalete-de-natal-88x88.jpg 88w\" sizes=\"(max-width: 530px) 100vw, 530px\" \/><\/a><\/p>\n<p><span style=\"font-weight: 400;\">Por outro lado, o Natal \u00e9 grandioso. Por isso tamb\u00e9m pode recorrer a a <\/span><span style=\"font-weight: 400;\">solu\u00e7\u00f5es personalizadas de\u00a0<\/span><b><a href=\"https:\/\/www.berci.pt\/pt\/impressao-sistemas-exposicao\" target=\"_blank\" rel=\"noopener\">Impress\u00e3o em Sistemas de Exposi\u00e7\u00e3o<\/a>. Esta solu\u00e7\u00e3o \u00e9 excelente para divulgar (em grande) <\/b><span style=\"font-weight: 400;\">a sua empresa, marca ou projeto. Encaminhe os clientes para a sua loja com sistemas de exposi\u00e7\u00e3o como cavaletes.<\/span><\/p>\n<h2><b>5. Telas laminadas<\/b><\/h2>\n<p><img loading=\"lazy\" decoding=\"async\" class=\"alignnone size-full wp-image-375\" src=\"https:\/\/www.berci.pt\/blog\/wp-content\/uploads\/2019\/06\/Telas-microperfuradas.png\" alt=\"Telas microperfuradas\" width=\"800\" height=\"400\" srcset=\"https:\/\/www.berci.pt\/blog\/wp-content\/uploads\/2019\/06\/Telas-microperfuradas.png 800w, https:\/\/www.berci.pt\/blog\/wp-content\/uploads\/2019\/06\/Telas-microperfuradas-300x150.png 300w, https:\/\/www.berci.pt\/blog\/wp-content\/uploads\/2019\/06\/Telas-microperfuradas-768x384.png 768w\" sizes=\"(max-width: 800px) 100vw, 800px\" \/><\/p>\n<p><span style=\"font-weight: 400;\">Se deseja algo ainda maior (mesmo \u00e9pico), que seja imposs\u00edvel de ignorar e de reter na mem\u00f3ria, utilize uma <a href=\"https:\/\/www.berci.pt\/pt\/impressao-grande-formato-telas-publicitarias-tela-laminada-blockout\" target=\"_blank\" rel=\"noopener\">tela laminada<\/a>. Trata-se de<\/span><span style=\"font-weight: 400;\"> uma tela multiusos que pode ser usada em v\u00e1rias situa\u00e7\u00f5es do dia-a-dia.\u00a0<\/span><\/p>\n<p><span style=\"font-weight: 400;\">Estas s\u00e3o algumas das nossas ideias para a sua campanha de Natal, para mostrar o lado natal\u00edcio e a originalidade da sua empresa.<\/span><\/p>\n<p><span style=\"font-weight: 400;\">Se tiver mais ideias a Berci tem todo o gosto em as transformar em realidade. Traga as ideias, n\u00f3s fazemos o resto.<\/span><\/p>\n<p><span style=\"font-weight: 400;\">E n\u00e3o se preocupe com a proximidade do Natal: a Berci trabalha trabalha 24 horas por dia, 365 dias por ano. Mais: <\/span><span style=\"font-weight: 400;\">cumpre rigorosamente os prazos de entrega, garantindo a qualidade m\u00e1xima nos trabalhos.<\/span><\/p>\n<p><strong>Confira como a Berci o pode apoiar na sua <a href=\"https:\/\/www.berci.pt\/pt\/campanhas-de-natal\" target=\"_blank\" rel=\"noopener\">campanha de Natal<\/a>!<\/strong><\/p>\n","protected":false},"excerpt":{"rendered":"<p>Ainda n\u00e3o preparou a sua campanha de Natal? O Natal est\u00e1 a\u00ed \u00e0 porta e \u00e9 uma oportunidade de ouro para promover os seus produtos e servi\u00e7os. O Natal \u00e9 uma \u00e9poca especial do ano.<\/p>\n","protected":false},"author":1,"featured_media":509,"comment_status":"closed","ping_status":"closed","sticky":false,"template":"","format":"standard","meta":{"footnotes":""},"categories":[5,3,1,13],"tags":[85,84,83,87,8,86,81,82,29,62,44,45],"_links":{"self":[{"href":"https:\/\/www.berci.pt\/blog\/wp-json\/wp\/v2\/posts\/497"}],"collection":[{"href":"https:\/\/www.berci.pt\/blog\/wp-json\/wp\/v2\/posts"}],"about":[{"href":"https:\/\/www.berci.pt\/blog\/wp-json\/wp\/v2\/types\/post"}],"author":[{"embeddable":true,"href":"https:\/\/www.berci.pt\/blog\/wp-json\/wp\/v2\/users\/1"}],"replies":[{"embeddable":true,"href":"https:\/\/www.berci.pt\/blog\/wp-json\/wp\/v2\/comments?post=497"}],"version-history":[{"count":11,"href":"https:\/\/www.berci.pt\/blog\/wp-json\/wp\/v2\/posts\/497\/revisions"}],"predecessor-version":[{"id":526,"href":"https:\/\/www.berci.pt\/blog\/wp-json\/wp\/v2\/posts\/497\/revisions\/526"}],"wp:featuredmedia":[{"embeddable":true,"href":"https:\/\/www.berci.pt\/blog\/wp-json\/wp\/v2\/media\/509"}],"wp:attachment":[{"href":"https:\/\/www.berci.pt\/blog\/wp-json\/wp\/v2\/media?parent=497"}],"wp:term":[{"taxonomy":"category","embeddable":true,"href":"https:\/\/www.berci.pt\/blog\/wp-json\/wp\/v2\/categories?post=497"},{"taxonomy":"post_tag","embeddable":true,"href":"https:\/\/www.berci.pt\/blog\/wp-json\/wp\/v2\/tags?post=497"}],"curies":[{"name":"wp","href":"https:\/\/api.w.org\/{rel}","templated":true}]}}