{"id":515,"date":"2019-11-26T09:30:34","date_gmt":"2019-11-26T09:30:34","guid":{"rendered":"https:\/\/www.berci.pt\/blog\/?p=515"},"modified":"2019-11-26T09:46:42","modified_gmt":"2019-11-26T09:46:42","slug":"impressoes-grande-formato-precos","status":"publish","type":"post","link":"https:\/\/www.berci.pt\/blog\/impressoes-grande-formato-precos\/","title":{"rendered":"Agora sim: impress\u00f5es em grandes formatos a pequenos pre\u00e7os"},"content":{"rendered":"<p><span style=\"font-weight: 400;\">A impress\u00e3o em telas de grande formato \u00e9 uma forma excelente de criar visibilidade para um neg\u00f3cio. \u00c9 imposs\u00edvel ficar indiferente a grandes impress\u00f5es no meio da paisagem urbana e n\u00e3o reter a sua imagem e mensagem.\u00a0<\/span><\/p>\n<p><!--more--><\/p>\n<p><span style=\"font-weight: 400;\">Dado todas as <\/span><a href=\"https:\/\/www.berci.pt\/blog\/telas-publicitarias-porque-provocam-impacto\/\" target=\"_blank\" rel=\"noopener\"><span style=\"font-weight: 400;\">vantagens do uso das telas publicit\u00e1rias<\/span><\/a><span style=\"font-weight: 400;\">, \u00e0 impress\u00e3o em grande formato seria f\u00e1cil associar grandes pre\u00e7os. Mas a verdade \u00e9 que agora \u00e9 poss\u00edvel imprimir telas personalizadas baratas de qualidade com os descontos da Berci.\u00a0<\/span><\/p>\n<h2><b>Desconto em telas de grande formato<\/b><\/h2>\n<p><img loading=\"lazy\" decoding=\"async\" class=\"alignnone size-full wp-image-522\" src=\"https:\/\/www.berci.pt\/blog\/wp-content\/uploads\/2019\/11\/campanha-black-friday-berci-artigo.png\" alt=\"\" width=\"800\" height=\"318\" srcset=\"https:\/\/www.berci.pt\/blog\/wp-content\/uploads\/2019\/11\/campanha-black-friday-berci-artigo.png 800w, https:\/\/www.berci.pt\/blog\/wp-content\/uploads\/2019\/11\/campanha-black-friday-berci-artigo-300x119.png 300w, https:\/\/www.berci.pt\/blog\/wp-content\/uploads\/2019\/11\/campanha-black-friday-berci-artigo-768x305.png 768w\" sizes=\"(max-width: 800px) 100vw, 800px\" \/><\/p>\n<p><span style=\"font-weight: 400;\">As <a href=\"https:\/\/www.berci.pt\/pt\/impressao-grande-formato\" target=\"_blank\" rel=\"noopener\">impress\u00f5es em grande formato<\/a>, para produ\u00e7\u00f5es de grande dimens\u00e3o (e para resultados do mesmo tamanho), est\u00e3o em promo\u00e7\u00e3o.<\/span><\/p>\n<p><span style=\"font-weight: 400;\">A Berci oferece <strong>30% de desconto<\/strong> em telas de grande formato. Aproveite j\u00e1!\u00a0\u00a0<\/span><\/p>\n<p><span style=\"font-weight: 400;\">Para usufruir da campanha promocional da Berci utilize nas suas compras online o c\u00f3digo promocional \u201cBLACKFRIDAY2019\u201d.<\/span><\/p>\n<h2><b>Exemplos de impress\u00e3o em grande formato<\/b><\/h2>\n<h3><b>1- Telas laminadas\u00a0<\/b><\/h3>\n<p><img loading=\"lazy\" decoding=\"async\" class=\"alignnone wp-image-91 size-full\" src=\"https:\/\/www.berci.pt\/blog\/wp-content\/uploads\/2018\/11\/Tela-de-grande-formato-tela-laminada.png\" alt=\"grande formato telas laminadas\" width=\"359\" height=\"291\" srcset=\"https:\/\/www.berci.pt\/blog\/wp-content\/uploads\/2018\/11\/Tela-de-grande-formato-tela-laminada.png 359w, https:\/\/www.berci.pt\/blog\/wp-content\/uploads\/2018\/11\/Tela-de-grande-formato-tela-laminada-300x243.png 300w\" sizes=\"(max-width: 359px) 100vw, 359px\" \/><\/p>\n<p><span style=\"font-weight: 400;\">Um dos suportes de impress\u00e3o de grande formato de maior flexibilidade \u00e9 a <\/span><a href=\"https:\/\/www.berci.pt\/pt\/impressao-grande-formato-telas-publicitarias-tela-laminada-blockout\" target=\"_blank\" rel=\"noopener\"><span style=\"font-weight: 400;\">tela laminada\/blackout<\/span><\/a><span style=\"font-weight: 400;\">. Pode ser usada em v\u00e1rias situa\u00e7\u00f5es, sendo ideal para causar impacto no exterior. Como \u00e9 totalmente opaca, evita que vejam as estruturas por tr\u00e1s.\u00a0<\/span><\/p>\n<p><span style=\"font-weight: 400;\">Habitualmente pode enaltecer a sua comunica\u00e7\u00e3o a partir dos 10\u20ac, mas consegue adquirir este produto a um pre\u00e7o mais baixo aproveitando esta campanha Berci.\u00a0<\/span><\/p>\n<h3><b>2- Telas microperfuradas<\/b><\/h3>\n<p><img loading=\"lazy\" decoding=\"async\" class=\"alignnone wp-image-105 size-full\" src=\"https:\/\/www.berci.pt\/blog\/wp-content\/uploads\/2018\/11\/telas-de-grande-formato-telas-microperfuradas-1.png\" alt=\"grande formato telas microperfuradas\" width=\"362\" height=\"291\" srcset=\"https:\/\/www.berci.pt\/blog\/wp-content\/uploads\/2018\/11\/telas-de-grande-formato-telas-microperfuradas-1.png 362w, https:\/\/www.berci.pt\/blog\/wp-content\/uploads\/2018\/11\/telas-de-grande-formato-telas-microperfuradas-1-300x241.png 300w\" sizes=\"(max-width: 362px) 100vw, 362px\" \/><\/p>\n<p><span style=\"font-weight: 400;\">As <\/span><a href=\"https:\/\/www.berci.pt\/pt\/impressao-grande-formato-telas-publicitarias-telas-microperfuradas\" target=\"_blank\" rel=\"noopener\"><span style=\"font-weight: 400;\">telas microperfuradas<\/span><\/a><span style=\"font-weight: 400;\"> s\u00e3o especialmente desenvolvidas para publicidade em fachadas de edif\u00edcios e locais em exterior. A sua perfura\u00e7\u00e3o permite menor resist\u00eancia \u00e0 passagem do vento, conferindo maior estabilidade e seguran\u00e7a. Utilize telas microperfuradas para imagens e mensagens que perduram na mente das pessoas. Com pre\u00e7os a partir dos 12\u20ac (sem aplicar a promo\u00e7\u00e3o).<\/span><\/p>\n<h3><b>3- Telas frontlit<\/b><\/h3>\n<p><img loading=\"lazy\" decoding=\"async\" class=\"alignnone wp-image-90 size-full\" src=\"https:\/\/www.berci.pt\/blog\/wp-content\/uploads\/2018\/11\/tela-de-grande-formato-tela-frontlit.png\" alt=\"grande formato telas fronlit\" width=\"355\" height=\"287\" srcset=\"https:\/\/www.berci.pt\/blog\/wp-content\/uploads\/2018\/11\/tela-de-grande-formato-tela-frontlit.png 355w, https:\/\/www.berci.pt\/blog\/wp-content\/uploads\/2018\/11\/tela-de-grande-formato-tela-frontlit-300x243.png 300w\" sizes=\"(max-width: 355px) 100vw, 355px\" \/><\/p>\n<p><span style=\"font-weight: 400;\">A <\/span><a href=\"https:\/\/www.berci.pt\/pt\/impressao-grande-formato-telas-publicitarias-tela-frontlit\" target=\"_blank\" rel=\"noopener\"><span style=\"font-weight: 400;\">tela fronlit<\/span><\/a><span style=\"font-weight: 400;\"> \u00e9 normalmente usada em pain\u00e9is publicit\u00e1rios, revestimentos publicit\u00e1rios de grandes fachadas, pend\u00f5es em postes, entre outros. O seu pre\u00e7o come\u00e7a nos 12\u20ac m2, mas pode ser adquirida a pre\u00e7o mais reduzido com esta campanha promocional.<\/span><\/p>\n<p><span style=\"font-weight: 400;\">Estes s\u00e3o apenas 3 exemplos de suportes de impress\u00e3o em grande formato. Existem variados <\/span><a href=\"https:\/\/www.berci.pt\/blog\/tipos-de-impressao-existentes-de-grande-formato\/\" target=\"_blank\" rel=\"noopener\"><span style=\"font-weight: 400;\">tipos de impress\u00e3o de grande formato<\/span><\/a><span style=\"font-weight: 400;\">. Na Berci damos cor aos sonhos e imprimimos a realidade, nos seus mais variados formatos.<\/span><\/p>\n<p><span style=\"font-weight: 400;\">Tem alguma d\u00favida? <\/span><a href=\"https:\/\/www.berci.pt\/orcamento\/?utm_source=site&amp;utm_medium=banner\" target=\"_blank\" rel=\"noopener\"><span style=\"font-weight: 400;\">Pe\u00e7a-nos um or\u00e7amento<\/span><\/a><span style=\"font-weight: 400;\"> ou entre em contacto com a linha de apoio (+351) 253 597 082, de segunda a sexta-feira das 9h \u00e0s 12h30 e das 14h \u00e0s 18h.<\/span><\/p>\n","protected":false},"excerpt":{"rendered":"<p>A impress\u00e3o em telas de grande formato \u00e9 uma forma excelente de criar visibilidade para um neg\u00f3cio. \u00c9 imposs\u00edvel ficar indiferente a grandes impress\u00f5es no meio da paisagem urbana e n\u00e3o reter a sua imagem e mensagem.\u00a0<\/p>\n","protected":false},"author":1,"featured_media":523,"comment_status":"closed","ping_status":"closed","sticky":false,"template":"","format":"standard","meta":{"footnotes":""},"categories":[64,3,7,61,43],"tags":[92,88,93,94,95,62],"_links":{"self":[{"href":"https:\/\/www.berci.pt\/blog\/wp-json\/wp\/v2\/posts\/515"}],"collection":[{"href":"https:\/\/www.berci.pt\/blog\/wp-json\/wp\/v2\/posts"}],"about":[{"href":"https:\/\/www.berci.pt\/blog\/wp-json\/wp\/v2\/types\/post"}],"author":[{"embeddable":true,"href":"https:\/\/www.berci.pt\/blog\/wp-json\/wp\/v2\/users\/1"}],"replies":[{"embeddable":true,"href":"https:\/\/www.berci.pt\/blog\/wp-json\/wp\/v2\/comments?post=515"}],"version-history":[{"count":7,"href":"https:\/\/www.berci.pt\/blog\/wp-json\/wp\/v2\/posts\/515\/revisions"}],"predecessor-version":[{"id":525,"href":"https:\/\/www.berci.pt\/blog\/wp-json\/wp\/v2\/posts\/515\/revisions\/525"}],"wp:featuredmedia":[{"embeddable":true,"href":"https:\/\/www.berci.pt\/blog\/wp-json\/wp\/v2\/media\/523"}],"wp:attachment":[{"href":"https:\/\/www.berci.pt\/blog\/wp-json\/wp\/v2\/media?parent=515"}],"wp:term":[{"taxonomy":"category","embeddable":true,"href":"https:\/\/www.berci.pt\/blog\/wp-json\/wp\/v2\/categories?post=515"},{"taxonomy":"post_tag","embeddable":true,"href":"https:\/\/www.berci.pt\/blog\/wp-json\/wp\/v2\/tags?post=515"}],"curies":[{"name":"wp","href":"https:\/\/api.w.org\/{rel}","templated":true}]}}