{"id":584,"date":"2020-01-23T12:20:57","date_gmt":"2020-01-23T12:20:57","guid":{"rendered":"https:\/\/www.berci.pt\/blog\/?p=584"},"modified":"2020-02-13T11:33:26","modified_gmt":"2020-02-13T11:33:26","slug":"principais-feiras-de-negocios-e-exposicoes-em-2020-saiba-onde-deve-estar-a-sua-empresa","status":"publish","type":"post","link":"https:\/\/www.berci.pt\/blog\/principais-feiras-de-negocios-e-exposicoes-em-2020-saiba-onde-deve-estar-a-sua-empresa\/","title":{"rendered":"Principais Feiras de Neg\u00f3cios e Exposi\u00e7\u00f5es em 2020, saiba onde deve estar a sua empresa"},"content":{"rendered":"<p>Partilhamos aqui a lista das principais feiras de\u00a0neg\u00f3cios que ocorrer\u00e3o em Portugal em 2020.<br \/>\nQuais s\u00e3o, onde s\u00e3o e os principais centros de neg\u00f3cios em que se fomenta a internacionaliza\u00e7\u00e3o das empresas Portuguesas e se promove a oferta nacional.<\/p>\n<p><!--more--><\/p>\n<h2>Feiras e Exposi\u00e7\u00f5es a ocorrer na <a href=\"https:\/\/exponor.pt\/\" target=\"_blank\" rel=\"noopener\">Exponor<\/a> em 2020<\/h2>\n<p>A Exponor \u00e9 um dos maiores centros de exposi\u00e7\u00f5es em Portugal. Fica situada na Le\u00e7a da Palmeira em Matosinhos, a 10 minutos do centro do Porto e do Aeroporto Internacional Francisco S\u00e1 Carneiro, a 500 metros do Porto de Leix\u00f5esb e com excelentes acessibilidades \u00e0 A28, garantindo assim uma comunica\u00e7\u00e3o rodovi\u00e1ria com a Galiza e o resto do pa\u00eds.<\/p>\n<h3><b>360 Tech Industry &#8211; Feira Internacional da Ind\u00fastria 4.0, Rob\u00f3tica, Automa\u00e7\u00e3o e Comp\u00f3sito<\/b><\/h3>\n<p><img loading=\"lazy\" decoding=\"async\" class=\"size-full wp-image-594\" src=\"https:\/\/www.berci.pt\/blog\/wp-content\/uploads\/2020\/01\/site.png\" alt=\"360 Tech Industry - Feira Internacional da Ind\u00fastria 4.0, Rob\u00f3tica, Automa\u00e7\u00e3o e Comp\u00f3sitos\" width=\"1920\" height=\"600\" srcset=\"https:\/\/www.berci.pt\/blog\/wp-content\/uploads\/2020\/01\/site.png 1920w, https:\/\/www.berci.pt\/blog\/wp-content\/uploads\/2020\/01\/site-300x94.png 300w, https:\/\/www.berci.pt\/blog\/wp-content\/uploads\/2020\/01\/site-768x240.png 768w, https:\/\/www.berci.pt\/blog\/wp-content\/uploads\/2020\/01\/site-1024x320.png 1024w, https:\/\/www.berci.pt\/blog\/wp-content\/uploads\/2020\/01\/site-900x281.png 900w, https:\/\/www.berci.pt\/blog\/wp-content\/uploads\/2020\/01\/site-1280x400.png 1280w\" sizes=\"(max-width: 1920px) 100vw, 1920px\" \/><br \/>\n<span style=\"font-size: 12pt;\"><b>02 a 03 abril 2020<\/b><\/span><\/p>\n<p><span style=\"font-weight: 400; font-size: 12pt;\">Este evento \u00e9 dirigido a todos os setores industriais e apresenta solu\u00e7\u00f5es para toda a cadeia industrial. Apresenta as novas solu\u00e7\u00f5es tecnol\u00f3gicas para a transforma\u00e7\u00e3o digital dos neg\u00f3cios.<\/span><span style=\"font-weight: 400; font-size: 12pt;\">Nesta feira poder\u00e1 encontrar v\u00e1rios tipos de perfis de visitantes como: Empres\u00e1rios, Engenheiros, Investigadores, Consultores, Projetistas, Quadros t\u00e9cnicos, Gestores e Dirigentes com compet\u00eancias ao n\u00edvel do processo produtivo da empresa e Diretores de produ\u00e7\u00e3o, compras, aprovisionamento, comerciais e de qualidade.<\/span><\/p>\n<p><span style=\"font-size: 12pt;\"><span style=\"font-weight: 400;\">Website: <\/span><a href=\"https:\/\/360techindustry.exponor.pt\/\" target=\"_blank\" rel=\"noopener\"><span style=\"font-weight: 400;\">https:\/\/360techindustry.exponor.pt\/<\/span><\/a><\/span><\/p>\n<ul style=\"text-align: left;\">\n<li><span style=\"font-weight: 400; font-size: 12pt;\">Hor\u00e1rio: 10h \u2013 18h<\/span><\/li>\n<\/ul>\n<p><span style=\"font-size: 12pt;\"><span style=\"font-weight: 400;\">Solicite <\/span><a href=\"https:\/\/360techindustry.exponor.pt\/visitante\/pedido-de-convite\/\"><span style=\"font-weight: 400;\">aqui<\/span><\/a><span style=\"font-weight: 400;\"> o seu convite profissional.\u00a0\u00a0<\/span><\/span><\/p>\n<p>&nbsp;<\/p>\n<h3><b>Expomec\u00e2nica &#8211; Sal\u00e3o Internacional de Equipamentos, Servi\u00e7os e Pe\u00e7as Auto<\/b><\/h3>\n<p><img loading=\"lazy\" decoding=\"async\" class=\"alignnone size-full wp-image-593\" src=\"https:\/\/www.berci.pt\/blog\/wp-content\/uploads\/2020\/01\/expomecanica-2020-01.png\" alt=\"Expomec\u00e2nica - Sal\u00e3o Internacional de Equipamentos, Servi\u00e7os e Pe\u00e7as Auto\" width=\"1918\" height=\"1000\" srcset=\"https:\/\/www.berci.pt\/blog\/wp-content\/uploads\/2020\/01\/expomecanica-2020-01.png 1918w, https:\/\/www.berci.pt\/blog\/wp-content\/uploads\/2020\/01\/expomecanica-2020-01-300x156.png 300w, https:\/\/www.berci.pt\/blog\/wp-content\/uploads\/2020\/01\/expomecanica-2020-01-768x400.png 768w, https:\/\/www.berci.pt\/blog\/wp-content\/uploads\/2020\/01\/expomecanica-2020-01-1024x534.png 1024w, https:\/\/www.berci.pt\/blog\/wp-content\/uploads\/2020\/01\/expomecanica-2020-01-900x469.png 900w, https:\/\/www.berci.pt\/blog\/wp-content\/uploads\/2020\/01\/expomecanica-2020-01-1280x667.png 1280w\" sizes=\"(max-width: 1918px) 100vw, 1918px\" \/><b>17 a 19 abril 2020<\/b><\/p>\n<p><span style=\"font-weight: 400;\">O expoMEC\u00c2NICA tornou-se no novo destino do aftermarket e o evento onde o setor faz mais neg\u00f3cios. De 17 a 19 de Abril, o mercado de reposi\u00e7\u00e3o autom\u00f3vel apresenta na Exponor, inova\u00e7\u00f5es e solu\u00e7\u00f5es nas \u00e1reas de pe\u00e7as e sistemas, acess\u00f3rios, repara\u00e7\u00e3o e manuten\u00e7\u00e3o, TI e gest\u00e3o de esta\u00e7\u00f5es de servi\u00e7o.<\/span><\/p>\n<p><span style=\"font-weight: 400;\">\u00c9 assim, a plataforma ideal para promover produtos e servi\u00e7os para um importante setor. Gerar neg\u00f3cios, apresentar as tend\u00eancias de mercado, impulsionar vendas, fortalecer a imagem das marcas, analisar a concorr\u00eancia, fidelizar e conquistar novos clientes e estreitar o relacionamento com um p\u00fablico comprador altamente qualificado.\u00a0<\/span><\/p>\n<p><b>Website:<\/b> <a href=\"http:\/\/www.expomecanica.pt\/#welcome\" target=\"_blank\" rel=\"noopener\"><span style=\"font-weight: 400;\">http:\/\/www.expomecanica.pt<\/span><\/a><\/p>\n<p><b>Hor\u00e1rio:<\/b><\/p>\n<ul>\n<li><span style=\"font-weight: 400;\">17 de abril: 10h00 \u2013 20h00<\/span><\/li>\n<li><span style=\"font-weight: 400;\">18 de abril: 10h00 \u2013 21h00<\/span><\/li>\n<li><span style=\"font-weight: 400;\">19 de abril: 10h00 \u2013 19h00<\/span><\/li>\n<\/ul>\n<p>&nbsp;<\/p>\n<p><a href=\"https:\/\/www.berci.pt\/blog\/grafica-online-beneficios-de-encomendar-online\/?utm_source=Link%20Blog&amp;utm_medium=Banner&amp;utm_campaign=Graficas%20online&amp;utm_term=Linkbuilding%20Blog%20Berci\" target=\"_blank\" rel=\"noopener\"><img loading=\"lazy\" decoding=\"async\" class=\"alignnone size-full wp-image-632\" src=\"https:\/\/www.berci.pt\/blog\/wp-content\/uploads\/2020\/01\/Banner-para-Linkbuilding-de-artigos-1.png\" alt=\"gr\u00e1ficas online e suas vantagens\" width=\"1920\" height=\"400\" srcset=\"https:\/\/www.berci.pt\/blog\/wp-content\/uploads\/2020\/01\/Banner-para-Linkbuilding-de-artigos-1.png 1920w, https:\/\/www.berci.pt\/blog\/wp-content\/uploads\/2020\/01\/Banner-para-Linkbuilding-de-artigos-1-300x63.png 300w, https:\/\/www.berci.pt\/blog\/wp-content\/uploads\/2020\/01\/Banner-para-Linkbuilding-de-artigos-1-768x160.png 768w, https:\/\/www.berci.pt\/blog\/wp-content\/uploads\/2020\/01\/Banner-para-Linkbuilding-de-artigos-1-1024x213.png 1024w, https:\/\/www.berci.pt\/blog\/wp-content\/uploads\/2020\/01\/Banner-para-Linkbuilding-de-artigos-1-900x188.png 900w, https:\/\/www.berci.pt\/blog\/wp-content\/uploads\/2020\/01\/Banner-para-Linkbuilding-de-artigos-1-1280x267.png 1280w\" sizes=\"(max-width: 1920px) 100vw, 1920px\" \/><\/a><\/p>\n<h3><b>Expocosm\u00e9tica &#8211; Feira de Cosm\u00e9tica, Est\u00e9tica, Unhas e Cabelo<\/b><\/h3>\n<p><img loading=\"lazy\" decoding=\"async\" class=\"alignnone size-full wp-image-586\" src=\"https:\/\/www.berci.pt\/blog\/wp-content\/uploads\/2020\/01\/Banner_PT.png\" alt=\"Expocosm\u00e9tica - Feira de Cosm\u00e9tica, Est\u00e9tica, Unhas e Cabelo\" width=\"1920\" height=\"600\" srcset=\"https:\/\/www.berci.pt\/blog\/wp-content\/uploads\/2020\/01\/Banner_PT.png 1920w, https:\/\/www.berci.pt\/blog\/wp-content\/uploads\/2020\/01\/Banner_PT-300x94.png 300w, https:\/\/www.berci.pt\/blog\/wp-content\/uploads\/2020\/01\/Banner_PT-768x240.png 768w, https:\/\/www.berci.pt\/blog\/wp-content\/uploads\/2020\/01\/Banner_PT-1024x320.png 1024w, https:\/\/www.berci.pt\/blog\/wp-content\/uploads\/2020\/01\/Banner_PT-900x281.png 900w, https:\/\/www.berci.pt\/blog\/wp-content\/uploads\/2020\/01\/Banner_PT-1280x400.png 1280w\" sizes=\"(max-width: 1920px) 100vw, 1920px\" \/><\/p>\n<p><b>25 a 27 abril 2020<\/b><\/p>\n<p><span style=\"font-weight: 400;\">Expocosm\u00e9tica, \u00e9 uma feira do setor da cosm\u00e9tica. Um local ideal para mostrar os novos produtos e tend\u00eancias.<\/span><\/p>\n<p><span style=\"font-weight: 400;\">As apostas da Feira Internacional do Porto para o Sal\u00e3o Internacional de Cosm\u00e9tica, Est\u00e9tica e Cabelo s\u00e3o conhecidas por todos &#8211; internacionaliza\u00e7\u00e3o e qualifica\u00e7\u00e3o de expositores e visitantes &#8211; por\u00e9m, a cada ano surgem novidades, de acordo com os sinais dos novos tempos.<\/span><\/p>\n<p><span style=\"font-weight: 400;\">Website: <\/span><a href=\"https:\/\/expocosmetica.exponor.pt\/\" target=\"_blank\" rel=\"noopener\"><span style=\"font-weight: 400;\">https:\/\/expocosmetica.exponor.pt\/<\/span><\/a><\/p>\n<p><span style=\"font-weight: 400;\">Pe\u00e7a <\/span><a href=\"https:\/\/expocosmetica.exponor.pt\/visitante\/pedido-de-convite\/\"><span style=\"font-weight: 400;\">aqui<\/span><\/a><span style=\"font-weight: 400;\"> o seu convite profissional.<\/span><\/p>\n<ul>\n<li><span style=\"font-weight: 400;\">25 e 26 de abril de 2020, feira aberta ao p\u00fablico<\/span><\/li>\n<li><span style=\"font-weight: 400;\">25 de Abril: 13h00 \u2013 20h00<\/span><\/li>\n<li><span style=\"font-weight: 400;\">26 de Abril: 10h00 \u2013 20h00<\/span><\/li>\n<li><span style=\"font-weight: 400;\">27 de abril de 2020, s\u00f3 para profissionais do setor:\u00a0<\/span><span style=\"font-weight: 400;\">10h00 \u2013 20h00<\/span><\/li>\n<\/ul>\n<h3><\/h3>\n<h3><b>SIP 2020 &#8211; Sal\u00e3o Imobili\u00e1rio do Porto<\/b><\/h3>\n<p><img loading=\"lazy\" decoding=\"async\" class=\"alignnone size-full wp-image-588\" src=\"https:\/\/www.berci.pt\/blog\/wp-content\/uploads\/2020\/01\/BannerSIP2020.jpg\" alt=\"SIP 2020 - Sal\u00e3o Imobili\u00e1rio do Porto\" width=\"1920\" height=\"600\" srcset=\"https:\/\/www.berci.pt\/blog\/wp-content\/uploads\/2020\/01\/BannerSIP2020.jpg 1920w, https:\/\/www.berci.pt\/blog\/wp-content\/uploads\/2020\/01\/BannerSIP2020-300x94.jpg 300w, https:\/\/www.berci.pt\/blog\/wp-content\/uploads\/2020\/01\/BannerSIP2020-768x240.jpg 768w, https:\/\/www.berci.pt\/blog\/wp-content\/uploads\/2020\/01\/BannerSIP2020-1024x320.jpg 1024w, https:\/\/www.berci.pt\/blog\/wp-content\/uploads\/2020\/01\/BannerSIP2020-900x281.jpg 900w, https:\/\/www.berci.pt\/blog\/wp-content\/uploads\/2020\/01\/BannerSIP2020-1280x400.jpg 1280w\" sizes=\"(max-width: 1920px) 100vw, 1920px\" \/><\/p>\n<p><b>04 a 07 junho 2020<\/b><\/p>\n<p><span style=\"font-weight: 400;\">O principal objetivo do SIP \u00e9 promover a oferta imobili\u00e1ria nacional e em particular da regi\u00e3o Norte. Conseguir a descentraliza\u00e7\u00e3o do investimento imobili\u00e1rio junto de potenciais investidores internacionais com objetivo de captar investimento para zonas de menor densidade demogr\u00e1fica e promover a qualidade do imobili\u00e1rio nacional.<\/span><\/p>\n<p><span style=\"font-weight: 400;\">S\u00e3o esperados 30.000 visitantes entre os quais:<\/span><\/p>\n<ul>\n<li><span style=\"font-weight: 400;\"> Profissionais do setor imobili\u00e1rio;<\/span><\/li>\n<li><span style=\"font-weight: 400;\"> Potenciais investidores nacionais e estrangeiros;<\/span><\/li>\n<li><span style=\"font-weight: 400;\"> Convidados internacionais;<\/span><\/li>\n<li><span style=\"font-weight: 400;\"> P\u00fablico em geral.<\/span><\/li>\n<\/ul>\n<p><b>Website:<\/b> <a href=\"https:\/\/sip2020.pt\/\" target=\"_blank\" rel=\"noopener\"><span style=\"font-weight: 400;\">https:\/\/sip2020.pt<\/span><\/a><\/p>\n<p><b>Hor\u00e1rio:<\/b><\/p>\n<ul>\n<li><span style=\"font-weight: 400;\">4 de junho: 14h00 \u2013 20h00<\/span><\/li>\n<li><span style=\"font-weight: 400;\">5 de Junho: 14h00 \u2013 22h00<\/span><\/li>\n<li><span style=\"font-weight: 400;\">6 de junho: 11h00 \u2013 22h00<\/span><\/li>\n<li><span style=\"font-weight: 400;\">7 de junho: 11h00 \u2013 20h00<\/span><\/li>\n<\/ul>\n<p>&nbsp;<\/p>\n<h3><b>Bookitur &#8211; Feira Internacional de Turismo<\/b><\/h3>\n<p><img loading=\"lazy\" decoding=\"async\" class=\"alignnone size-full wp-image-587\" src=\"https:\/\/www.berci.pt\/blog\/wp-content\/uploads\/2020\/01\/Banner-03alt.jpg\" alt=\"Bookitur - Feira Internacional de Turismo\" width=\"1920\" height=\"600\" srcset=\"https:\/\/www.berci.pt\/blog\/wp-content\/uploads\/2020\/01\/Banner-03alt.jpg 1920w, https:\/\/www.berci.pt\/blog\/wp-content\/uploads\/2020\/01\/Banner-03alt-300x94.jpg 300w, https:\/\/www.berci.pt\/blog\/wp-content\/uploads\/2020\/01\/Banner-03alt-768x240.jpg 768w, https:\/\/www.berci.pt\/blog\/wp-content\/uploads\/2020\/01\/Banner-03alt-1024x320.jpg 1024w, https:\/\/www.berci.pt\/blog\/wp-content\/uploads\/2020\/01\/Banner-03alt-900x281.jpg 900w, https:\/\/www.berci.pt\/blog\/wp-content\/uploads\/2020\/01\/Banner-03alt-1280x400.jpg 1280w\" sizes=\"(max-width: 1920px) 100vw, 1920px\" \/><\/p>\n<p><b>22 a 25 outubro 2020<\/b><\/p>\n<p><span style=\"font-weight: 400;\">A BOOKITur vai de encontro ao novo paradigma do turismo: na procura por ofertas altamente personalizadas. D\u00e1 resposta imediata aos novos padr\u00f5es de reserva e consumo: oferta diversificada, aut\u00eantica e de qualidade ambiental, conte\u00fados enriquecedores, desejo de viver (novas) experi\u00eancias e emo\u00e7\u00f5es, descoberta da cultura e viv\u00eancias locais.<\/span><\/p>\n<p><span style=\"font-weight: 400;\">A BOOKITur concentra a maior oferta tur\u00edstica do pa\u00eds, com a mais diversificada e mais representativa presen\u00e7a do territ\u00f3rio portugu\u00eas: comunidades intermunicipais, munic\u00edpios, agentes e empresas locais.<\/span><\/p>\n<p><b>Website: <\/b><a href=\"https:\/\/www.bookitur.pt\/\" target=\"_blank\" rel=\"noopener\"><b>bookitur.pt<\/b><\/a><\/p>\n<p><b>Hor\u00e1rio<\/b><span style=\"font-weight: 400;\">:<\/span><\/p>\n<ul>\n<li><span style=\"font-weight: 400;\">Quinta-feira \u2013 10h00 \u00e0s 19h00<\/span><\/li>\n<li><span style=\"font-weight: 400;\">Sexta-feira \u2013 10h00 \u00e0s 18h00<\/span><\/li>\n<li><span style=\"font-weight: 400;\">Profissionais e P\u00fablico<\/span><\/li>\n<li><span style=\"font-weight: 400;\">Sexta-feira \u2013 18h00 \u00e0s 23h00<\/span><\/li>\n<li><span style=\"font-weight: 400;\">S\u00e1bado \u2013 12h00 \u00e0s 23h00<\/span><\/li>\n<li><span style=\"font-weight: 400;\">Domingo \u2013 12h00 \u00e0s 20h00<\/span><\/li>\n<\/ul>\n<p>&nbsp;<\/p>\n<h3><b>EMAF &#8211; Feira Internacional de M\u00e1quinas, Equipamentos e Servi\u00e7os para a Ind\u00fastria<\/b><\/h3>\n<p><img loading=\"lazy\" decoding=\"async\" class=\"alignnone size-full wp-image-592\" src=\"https:\/\/www.berci.pt\/blog\/wp-content\/uploads\/2020\/01\/EMAF-Banner-Site-1920x600-190418-2-1.png\" alt=\"EMAF - Feira Internacional de M\u00e1quinas, Equipamentos e Servi\u00e7os para a Ind\u00fastria\" width=\"1920\" height=\"600\" srcset=\"https:\/\/www.berci.pt\/blog\/wp-content\/uploads\/2020\/01\/EMAF-Banner-Site-1920x600-190418-2-1.png 1920w, https:\/\/www.berci.pt\/blog\/wp-content\/uploads\/2020\/01\/EMAF-Banner-Site-1920x600-190418-2-1-300x94.png 300w, https:\/\/www.berci.pt\/blog\/wp-content\/uploads\/2020\/01\/EMAF-Banner-Site-1920x600-190418-2-1-768x240.png 768w, https:\/\/www.berci.pt\/blog\/wp-content\/uploads\/2020\/01\/EMAF-Banner-Site-1920x600-190418-2-1-1024x320.png 1024w, https:\/\/www.berci.pt\/blog\/wp-content\/uploads\/2020\/01\/EMAF-Banner-Site-1920x600-190418-2-1-900x281.png 900w, https:\/\/www.berci.pt\/blog\/wp-content\/uploads\/2020\/01\/EMAF-Banner-Site-1920x600-190418-2-1-1280x400.png 1280w\" sizes=\"(max-width: 1920px) 100vw, 1920px\" \/><\/p>\n<p><b>18 a 21 novembro 2020<\/b><\/p>\n<p><span style=\"font-weight: 400;\">A Emaf \u00e9 uma das mais importante feiras profissionais portuguesas de m\u00e1quinas-ferramentas e acess\u00f3rios que decorre de dois em dois anos na Exponor. Durante a feira s\u00e3o apresentadas solu\u00e7\u00f5es e os novos desafios da Ind\u00fastria 4.0, promovendo o networking, a partilha de ideias e os neg\u00f3cios entre industriais de todo o mundo.<\/span><\/p>\n<p><b>Website: <\/b><a href=\"https:\/\/www.emaf.exponor.pt\/\" target=\"_blank\" rel=\"noopener\"><b>emaf.exponor.pt<\/b><\/a><\/p>\n<p><b>Hor\u00e1rio:<\/b><\/p>\n<ul>\n<li><span style=\"font-weight: 400;\">18 a 21 de novembro: 10h00 \u2013 19h00<\/span><\/li>\n<\/ul>\n<p><b>Solicite <\/b><a href=\"https:\/\/emaf.exponor.pt\/visitante\/pedido-de-convite\/\"><b>aqui<\/b><\/a><b> o seu convite profissional.<\/b><\/p>\n<p><a href=\"https:\/\/www.berci.pt\/blog\/impressao-tela-blacklit-iluminacao-negocio\/?utm_source=Link%20Blog&amp;utm_medium=Banner&amp;utm_campaign=ilumona%C3%A7%C3%A3o%20em%20telas&amp;utm_term=Linkbuilding%20Blog%20Berci\" target=\"_blank\" rel=\"noopener\"><img loading=\"lazy\" decoding=\"async\" class=\"alignnone size-full wp-image-633\" src=\"https:\/\/www.berci.pt\/blog\/wp-content\/uploads\/2020\/01\/C\u00f3pia-de-Banner-para-Linkbuilding-de-artigos-3.png\" alt=\"Impress\u00e3o em tela iluminada\" width=\"1920\" height=\"400\" srcset=\"https:\/\/www.berci.pt\/blog\/wp-content\/uploads\/2020\/01\/C\u00f3pia-de-Banner-para-Linkbuilding-de-artigos-3.png 1920w, https:\/\/www.berci.pt\/blog\/wp-content\/uploads\/2020\/01\/C\u00f3pia-de-Banner-para-Linkbuilding-de-artigos-3-300x63.png 300w, https:\/\/www.berci.pt\/blog\/wp-content\/uploads\/2020\/01\/C\u00f3pia-de-Banner-para-Linkbuilding-de-artigos-3-768x160.png 768w, https:\/\/www.berci.pt\/blog\/wp-content\/uploads\/2020\/01\/C\u00f3pia-de-Banner-para-Linkbuilding-de-artigos-3-1024x213.png 1024w, https:\/\/www.berci.pt\/blog\/wp-content\/uploads\/2020\/01\/C\u00f3pia-de-Banner-para-Linkbuilding-de-artigos-3-900x188.png 900w, https:\/\/www.berci.pt\/blog\/wp-content\/uploads\/2020\/01\/C\u00f3pia-de-Banner-para-Linkbuilding-de-artigos-3-1280x267.png 1280w\" sizes=\"(max-width: 1920px) 100vw, 1920px\" \/><\/a><\/p>\n<h2><span style=\"font-weight: 400;\">Feira e Exposi\u00e7\u00f5es a ocorrer na FIL em 2020<\/span><\/h2>\n<p><span style=\"font-weight: 400;\">A <\/span><b>Feira Internacional de Lisboa<\/b><span style=\"font-weight: 400;\">, acr\u00f3nimo <\/span><b>FIL<\/b><span style=\"font-weight: 400;\">, localiza-se no Parque das Na\u00e7\u00f5es, na cidade, de Lisboa. Constitui-se no espa\u00e7o onde se realizam algumas das maiores feiras tem\u00e1ticas no pa\u00eds.<\/span><\/p>\n<p><span style=\"font-weight: 400;\">A FIL foi precursora em Portugal na organiza\u00e7\u00e3o e realiza\u00e7\u00e3o de eventos de dimens\u00e3o verdadeiramente internacional. At\u00e9 ao dia de hoje a FIL j\u00e1 recebeu milh\u00f5es de visitantes e expositores oriundos dos quatro cantos do mundo.<\/span><\/p>\n<h3><b>BTL &#8211; Bolsa de Turismo de Lisboa\u00a0<\/b><\/h3>\n<p><img loading=\"lazy\" decoding=\"async\" class=\"alignnone wp-image-589 size-full\" src=\"https:\/\/www.berci.pt\/blog\/wp-content\/uploads\/2020\/01\/banner-site-fil-btl.jpg\" alt=\"BTL - Bolsa de Turismo de Lisboa \" width=\"803\" height=\"485\" srcset=\"https:\/\/www.berci.pt\/blog\/wp-content\/uploads\/2020\/01\/banner-site-fil-btl.jpg 803w, https:\/\/www.berci.pt\/blog\/wp-content\/uploads\/2020\/01\/banner-site-fil-btl-300x181.jpg 300w, https:\/\/www.berci.pt\/blog\/wp-content\/uploads\/2020\/01\/banner-site-fil-btl-768x464.jpg 768w\" sizes=\"(max-width: 803px) 100vw, 803px\" \/><\/p>\n<p><b>11 a 15 Mar\u00e7o<\/b><\/p>\n<p><span style=\"font-weight: 400;\">Promovida pela Funda\u00e7\u00e3o AIP e realizada na Feira Internacional de Lisboa desde 1989, a BTL \u00e9 reconhecida no setor como o evento mais importante na \u00e1rea do turismo em Portugal e como um ponto de encontro de profissionais.\u00a0<\/span><\/p>\n<p><span style=\"font-weight: 400;\">A BTL tem tamb\u00e9m vindo a refor\u00e7ar a sua presen\u00e7a no calend\u00e1rio de feiras internacionais de turismo<\/span><\/p>\n<p><span style=\"font-weight: 400;\">No ano de 2019 contou com cerca de mais de 70 mil visitantes durante os seus 5 dias de exposi\u00e7\u00e3o.\u00a0<\/span><\/p>\n<p><b>Hor\u00e1rio<\/b><span style=\"font-weight: 400;\">:<\/span><\/p>\n<ul>\n<li><span style=\"font-weight: 400;\">Dia 11 Mar. 4\u00aa feira<\/span> <span style=\"font-weight: 400;\">10:00 \u00e0s 19:00<\/span><\/li>\n<li><span style=\"font-weight: 400;\">Dia 12 Mar. 5\u00aa feira<\/span> <span style=\"font-weight: 400;\">10:00 \u00e0s 19:00<\/span><\/li>\n<li><span style=\"font-weight: 400;\">Dia 13 Mar. 6\u00aa feira<\/span>\u00a0<span style=\"font-weight: 400;\">10:00 \u00e0s 23:00<\/span><\/li>\n<li><span style=\"font-weight: 400;\">Dia 14 Mar. S\u00e1bado\u00a0<\/span><span style=\"font-weight: 400;\">2:00 \u00e0s 23:00<\/span><\/li>\n<li><span style=\"font-weight: 400;\">Dia 15 Mar. Domingo\u00a0<\/span><span style=\"font-weight: 400;\">12:00 \u00e0s 20:00<\/span><\/li>\n<\/ul>\n<p><span style=\"font-weight: 400;\">Saiba mais em: <\/span><a href=\"https:\/\/btl.fil.pt\/\" target=\"_blank\" rel=\"noopener\"><span style=\"font-weight: 400;\">https:\/\/btl.fil.pt\/<\/span><\/a><span style=\"font-weight: 400;\">\u00a0<\/span><\/p>\n<p>&nbsp;<\/p>\n<h3><b>Portugal Smart Cities Summit<\/b><\/h3>\n<p><img loading=\"lazy\" decoding=\"async\" class=\"alignnone size-full wp-image-590\" src=\"https:\/\/www.berci.pt\/blog\/wp-content\/uploads\/2020\/01\/banner-site-fil-smart.jpg\" alt=\"Portugal Smart Cities Summit\" width=\"803\" height=\"497\" srcset=\"https:\/\/www.berci.pt\/blog\/wp-content\/uploads\/2020\/01\/banner-site-fil-smart.jpg 803w, https:\/\/www.berci.pt\/blog\/wp-content\/uploads\/2020\/01\/banner-site-fil-smart-300x186.jpg 300w, https:\/\/www.berci.pt\/blog\/wp-content\/uploads\/2020\/01\/banner-site-fil-smart-768x475.jpg 768w\" sizes=\"(max-width: 803px) 100vw, 803px\" \/><\/p>\n<p><b>06 a 08 Maio 2020<\/b><\/p>\n<p><span style=\"font-weight: 400;\">O Conceito\u00a0 \u201cSmart Cities\u201d abrange mais do que a mobilidade, as plataformas digitais ou a sustentabilidade. O objetivo fundamental de uma Smart City \u00e9 a incorpora\u00e7\u00e3o de todas estas \u00e1reas a fim de melhorar a vida dos cidad\u00e3os no mundo.\u00a0<\/span><\/p>\n<p><span style=\"font-weight: 400;\">O PORTUGAL SMART CITIES SUMMIT \u00e9 o local de converg\u00eancia e o marketplace f\u00edsico de cria\u00e7\u00e3o de oportunidades para o mercado nacional e internacional.<\/span><\/p>\n<p><span style=\"font-weight: 400;\">Saiba mais em:<\/span> <a href=\"https:\/\/portugalsmartcities.fil.pt\/\" target=\"_blank\" rel=\"noopener\"><span style=\"font-weight: 400;\">https:\/\/portugalsmartcities.fil.pt<\/span><\/a><span style=\"font-weight: 400;\">\/<\/span><\/p>\n<p><b>Hor\u00e1rio:<\/b><\/p>\n<ul>\n<li><span style=\"font-weight: 400;\">10h00 \u2013 19h00<\/span><\/li>\n<\/ul>\n<p>&nbsp;<\/p>\n<h3><b>Tekt\u00f3nica \u2013\u00a0 Feira Internacional da Constru\u00e7\u00e3o e Obras P\u00fablicas<\/b><\/h3>\n<p><img loading=\"lazy\" decoding=\"async\" class=\"alignnone size-full wp-image-591\" src=\"https:\/\/www.berci.pt\/blog\/wp-content\/uploads\/2020\/01\/banner-site-tek-new.jpg\" alt=\"Tekt\u00f3nica \u2013 Feira Internacional da Constru\u00e7\u00e3o e Obras P\u00fablicas\" width=\"803\" height=\"485\" srcset=\"https:\/\/www.berci.pt\/blog\/wp-content\/uploads\/2020\/01\/banner-site-tek-new.jpg 803w, https:\/\/www.berci.pt\/blog\/wp-content\/uploads\/2020\/01\/banner-site-tek-new-300x181.jpg 300w, https:\/\/www.berci.pt\/blog\/wp-content\/uploads\/2020\/01\/banner-site-tek-new-768x464.jpg 768w\" sizes=\"(max-width: 803px) 100vw, 803px\" \/><\/p>\n<p><b>06 a 09 Maio 2020<\/b><\/p>\n<p><span style=\"font-weight: 400;\">A Tekt\u00f3nica \u00e9 a maior feira do setor da constru\u00e7\u00e3o e obras p\u00fablicas e realiza-se em Portugal. Este evento, que conta com a participa\u00e7\u00e3o das principais empresas l\u00edderes, tem um papel determinante no apoio \u00e0s empresas do setor, proporcionando e permitindo explorar novas oportunidades nos mercados nacional e estrangeiros. Serve de palco para a inova\u00e7\u00e3o, lan\u00e7amento e divulga\u00e7\u00e3o de novos produtos e servi\u00e7os que colocam em destaque a Inova\u00e7\u00e3o e o que de melhor se faz nestes setores.<\/span><\/p>\n<p><span style=\"font-weight: 400;\">Saiba mais em <\/span><a href=\"https:\/\/tektonica.fil.pt\/\" target=\"_blank\" rel=\"noopener\"><span style=\"font-weight: 400;\">https:\/\/tektonica.fil.pt\/<\/span><\/a><\/p>\n<p><span style=\"font-weight: 400;\">Feiras fora dos centros de exposi\u00e7\u00f5es<\/span><\/p>\n<p>&nbsp;<\/p>\n<h3><b>Web Summit Lisboa 2020<\/b><\/h3>\n<p><img loading=\"lazy\" decoding=\"async\" class=\"alignnone size-full wp-image-600\" src=\"https:\/\/www.berci.pt\/blog\/wp-content\/uploads\/2020\/01\/Drf-VGWwAAq3L2.jpg\" alt=\"Web Summit Lisboa 2020\" width=\"1200\" height=\"800\" srcset=\"https:\/\/www.berci.pt\/blog\/wp-content\/uploads\/2020\/01\/Drf-VGWwAAq3L2.jpg 1200w, https:\/\/www.berci.pt\/blog\/wp-content\/uploads\/2020\/01\/Drf-VGWwAAq3L2-300x200.jpg 300w, https:\/\/www.berci.pt\/blog\/wp-content\/uploads\/2020\/01\/Drf-VGWwAAq3L2-768x512.jpg 768w, https:\/\/www.berci.pt\/blog\/wp-content\/uploads\/2020\/01\/Drf-VGWwAAq3L2-1024x683.jpg 1024w, https:\/\/www.berci.pt\/blog\/wp-content\/uploads\/2020\/01\/Drf-VGWwAAq3L2-900x600.jpg 900w\" sizes=\"(max-width: 1200px) 100vw, 1200px\" \/><\/p>\n<p><b>14 a 16 de Novembro<\/b><\/p>\n<p><span style=\"font-weight: 400;\">A Web Summit \u00e9 a maior confer\u00eancia da Europa de tecnologias, realizada anualmente desde 2009. A empresa foi fundada por Paddy Cosgrave, David Kelly e Daire Hickey.\u00a0<\/span><\/p>\n<p><span style=\"font-weight: 400;\">O tema da confer\u00eancia \u00e9 centrado na tecnologia da internet e os participantes v\u00e3o desde empresas da Fortune 500 at\u00e9 \u00e0s pequenas empresas de tecnologia.\u00a0<\/span><\/p>\n<p><span style=\"font-weight: 400;\">Este cont\u00e9m uma mistura de CEOs e fundadores de start-ups tecnol\u00f3gicas em conjunto com uma s\u00e9rie de pessoas da ind\u00fastria da tecnologia global.<\/span><\/p>\n<p><span style=\"font-weight: 400;\">Saiba mais em: <\/span><a href=\"https:\/\/websummit.com\/\" target=\"_blank\" rel=\"noopener\"><span style=\"font-weight: 400;\">https:\/\/websummit.com\/<\/span><\/a><\/p>\n<p>&nbsp;<\/p>\n<h2><span style=\"font-weight: 400;\">Impress\u00e3o em Sistemas de Exposi\u00e7\u00e3o<\/span><span style=\"font-weight: 400;\">\u00a0<\/span><\/h2>\n<p><span style=\"font-weight: 400;\">A sua empresa ir\u00e1 estar presente em alguma destas feiras ou exposi\u00e7\u00f5es?\u00a0<\/span><\/p>\n<p><span style=\"font-weight: 400;\">J\u00e1 pensou como ir\u00e1 exp\u00f4r a sua empresa nestes eventos?<\/span><\/p>\n<p><span style=\"font-weight: 400;\">Escolha o sistema de exposi\u00e7\u00e3o que mais se adapta ao seu neg\u00f3cio e personalize-o na Berci.<\/span><\/p>\n<p><a href=\"Material de Exposi\u00e7\u00e3o\"><img loading=\"lazy\" decoding=\"async\" class=\"alignnone size-full wp-image-610\" src=\"https:\/\/www.berci.pt\/blog\/wp-content\/uploads\/2020\/01\/White-Winter-Facebook-Ad.png\" alt=\"Material de Exposi\u00e7\u00e3o\" width=\"1200\" height=\"628\" srcset=\"https:\/\/www.berci.pt\/blog\/wp-content\/uploads\/2020\/01\/White-Winter-Facebook-Ad.png 1200w, https:\/\/www.berci.pt\/blog\/wp-content\/uploads\/2020\/01\/White-Winter-Facebook-Ad-300x157.png 300w, https:\/\/www.berci.pt\/blog\/wp-content\/uploads\/2020\/01\/White-Winter-Facebook-Ad-768x402.png 768w, https:\/\/www.berci.pt\/blog\/wp-content\/uploads\/2020\/01\/White-Winter-Facebook-Ad-1024x536.png 1024w, https:\/\/www.berci.pt\/blog\/wp-content\/uploads\/2020\/01\/White-Winter-Facebook-Ad-900x471.png 900w\" sizes=\"(max-width: 1200px) 100vw, 1200px\" \/><\/a><\/p>\n<p>&nbsp;<\/p>\n<p><span style=\"font-weight: 400;\">A Berci \u00e9 uma empresa especializada na Impress\u00e3o Digital que acompanha sempre a comunica\u00e7\u00e3o de uma empresa, marca ou projeto.<\/span><\/p>\n<p><span style=\"font-weight: 400;\">Consulte os pre\u00e7os das solu\u00e7\u00f5es de Impress\u00e3o em Sistemas de Exposi\u00e7\u00e3o e <\/span><a href=\"https:\/\/www.berci.pt\/orcamento\/\" target=\"_blank\" rel=\"noopener\"><span style=\"font-weight: 400;\">Solicite AQUI Or\u00e7amento Gr\u00e1tis<\/span><\/a><span style=\"font-weight: 400;\"> para o seu projeto.\u00a0<\/span><\/p>\n<p><span style=\"font-weight: 400;\">Encontre as melhores solu\u00e7\u00f5es de impress\u00e3o \u00e0 medida em <\/span><b>Roll-Ups<\/b><span style=\"font-weight: 400;\">, <\/span><b>Banners<\/b><span style=\"font-weight: 400;\">, <\/span><b>Balc\u00f5es<\/b> <b>Promocionais<\/b><span style=\"font-weight: 400;\">, <\/span><b>Pop-Ups<\/b><span style=\"font-weight: 400;\">, <\/span><b>Sinais de Pavimento<\/b><span style=\"font-weight: 400;\">, <\/span><b>Gestores de Fila<\/b><span style=\"font-weight: 400;\">, <\/span><b>Black Truss System<\/b><span style=\"font-weight: 400;\">, <\/span><b>Tubular Fabric System<\/b><span style=\"font-weight: 400;\">, <\/span><b>Lightboxs<\/b><span style=\"font-weight: 400;\">, <\/span><b>Smart Textile Frame<\/b><span style=\"font-weight: 400;\">, <\/span><b>Tendas<\/b><span style=\"font-weight: 400;\">, <\/span><b>Porta Cat\u00e1logos <\/b><span style=\"font-weight: 400;\">e <\/span><b>Cabos de A\u00e7o para Fixa\u00e7\u00e3o<\/b><\/p>\n<p>&nbsp;<\/p>\n<p>&nbsp;<\/p>\n<p>&nbsp;<\/p>\n","protected":false},"excerpt":{"rendered":"<p>Partilhamos aqui a lista das principais feiras de\u00a0neg\u00f3cios que ocorrer\u00e3o em Portugal em 2020. Quais s\u00e3o, onde s\u00e3o e os principais centros de neg\u00f3cios em que se fomenta a internacionaliza\u00e7\u00e3o das empresas Portuguesas e se promove a oferta nacional.<\/p>\n","protected":false},"author":1,"featured_media":656,"comment_status":"closed","ping_status":"closed","sticky":false,"template":"","format":"standard","meta":{"footnotes":""},"categories":[1],"tags":[],"_links":{"self":[{"href":"https:\/\/www.berci.pt\/blog\/wp-json\/wp\/v2\/posts\/584"}],"collection":[{"href":"https:\/\/www.berci.pt\/blog\/wp-json\/wp\/v2\/posts"}],"about":[{"href":"https:\/\/www.berci.pt\/blog\/wp-json\/wp\/v2\/types\/post"}],"author":[{"embeddable":true,"href":"https:\/\/www.berci.pt\/blog\/wp-json\/wp\/v2\/users\/1"}],"replies":[{"embeddable":true,"href":"https:\/\/www.berci.pt\/blog\/wp-json\/wp\/v2\/comments?post=584"}],"version-history":[{"count":24,"href":"https:\/\/www.berci.pt\/blog\/wp-json\/wp\/v2\/posts\/584\/revisions"}],"predecessor-version":[{"id":635,"href":"https:\/\/www.berci.pt\/blog\/wp-json\/wp\/v2\/posts\/584\/revisions\/635"}],"wp:featuredmedia":[{"embeddable":true,"href":"https:\/\/www.berci.pt\/blog\/wp-json\/wp\/v2\/media\/656"}],"wp:attachment":[{"href":"https:\/\/www.berci.pt\/blog\/wp-json\/wp\/v2\/media?parent=584"}],"wp:term":[{"taxonomy":"category","embeddable":true,"href":"https:\/\/www.berci.pt\/blog\/wp-json\/wp\/v2\/categories?post=584"},{"taxonomy":"post_tag","embeddable":true,"href":"https:\/\/www.berci.pt\/blog\/wp-json\/wp\/v2\/tags?post=584"}],"curies":[{"name":"wp","href":"https:\/\/api.w.org\/{rel}","templated":true}]}}