{"id":756,"date":"2020-07-13T16:32:20","date_gmt":"2020-07-13T16:32:20","guid":{"rendered":"https:\/\/www.berci.pt\/blog\/?p=756"},"modified":"2020-09-14T16:20:20","modified_gmt":"2020-09-14T16:20:20","slug":"kitcovid19-alguns-materiais-essenciais","status":"publish","type":"post","link":"https:\/\/www.berci.pt\/blog\/kitcovid19-alguns-materiais-essenciais\/","title":{"rendered":"KIT COVID 19 alguns materiais essenciais."},"content":{"rendered":"<p><span style=\"font-size: 18pt;\"><strong>Tem um neg\u00f3cio aberto? Com este KIT COVID 19 alguns materiais essenciais mantenha a seguran\u00e7a dos seus clientes e dos seus colaboradores.<\/strong><\/span><\/p>\n<p>Sabemos o quanto\u00a0\u00e9 importante para si, que os seus colaboradores e clientes estejam em seguran\u00e7a. Assim, cri\u00e1mos v\u00e1rios produtos para o ajudar a manter a confian\u00e7a e a cumprir com as normas impostas nesta fase.<\/p>\n<h3><span style=\"font-size: 18pt;\"><strong>Separadores de prote\u00e7\u00e3o em acr\u00edlico cristal<\/strong><\/span><\/h3>\n<p>Estes separadores de prote\u00e7\u00e3o, s\u00e3o em acr\u00edlico vazado cristal o que lhes confere uma transpar\u00eancia excelente. S\u00e3o ideais para mesas de escolas, cantinas,\u00a0 escrit\u00f3rios, restaurantes, caf\u00e9s, etc.<\/p>\n<div id=\"attachment_831\" style=\"width: 810px\" class=\"wp-caption alignnone\"><img loading=\"lazy\" decoding=\"async\" aria-describedby=\"caption-attachment-831\" class=\"size-full wp-image-831\" src=\"https:\/\/www.berci.pt\/blog\/wp-content\/uploads\/2020\/07\/separadores_acrilico.jpg\" alt=\"\" width=\"800\" height=\"650\" srcset=\"https:\/\/www.berci.pt\/blog\/wp-content\/uploads\/2020\/07\/separadores_acrilico.jpg 800w, https:\/\/www.berci.pt\/blog\/wp-content\/uploads\/2020\/07\/separadores_acrilico-300x244.jpg 300w, https:\/\/www.berci.pt\/blog\/wp-content\/uploads\/2020\/07\/separadores_acrilico-768x624.jpg 768w\" sizes=\"(max-width: 800px) 100vw, 800px\" \/><p id=\"caption-attachment-831\" class=\"wp-caption-text\">Separadores em acr\u00edlico cristal<\/p><\/div>\n<p>&nbsp;<\/p>\n<p><span style=\"font-size: 18pt;\"><strong>Autocolantes<\/strong><\/span><\/p>\n<p><strong>Autocolantes em vinil laminado para o ch\u00e3o (FloorGraphic), vidro (lamina\u00e7\u00e3o normal), e para o interior das lojas.<\/strong><\/p>\n<p class=\"top\">Sejam informativos ou de obrigatoriedades, os <a href=\"https:\/\/www.berci.pt\/pt\/impressao-autocolantes-covid-19\">autocolantes COVID 19<\/a> s\u00e3o um meio muito eficaz para chamar \u00e1 aten\u00e7\u00e3o de quem ir\u00e1 usar o espa\u00e7o, de quais s\u00e3o as regras que est\u00e3o neste momento impostas por lei. Existem os de uso obrigat\u00f3rio de m\u00e1scara, para manter a dist\u00e2ncia m\u00ednima de seguran\u00e7a, aguarde a sua vez, use o desinfetante, recomenda\u00e7\u00f5es gerais de procedimentos, procedimentos de como higienizar as m\u00e3os; etc. Existe uma grande pan\u00f3plia de autocolantes, quer sejam para colocar em vidros, portas ou janelas, bem como para coloca\u00e7\u00e3o no ch\u00e3o.<\/p>\n<div id=\"attachment_761\" style=\"width: 610px\" class=\"wp-caption alignnone\"><img loading=\"lazy\" decoding=\"async\" aria-describedby=\"caption-attachment-761\" class=\"size-full wp-image-761\" src=\"https:\/\/www.berci.pt\/blog\/wp-content\/uploads\/2020\/07\/news_materiais_1.jpg\" alt=\"\" width=\"600\" height=\"221\" srcset=\"https:\/\/www.berci.pt\/blog\/wp-content\/uploads\/2020\/07\/news_materiais_1.jpg 600w, https:\/\/www.berci.pt\/blog\/wp-content\/uploads\/2020\/07\/news_materiais_1-300x111.jpg 300w\" sizes=\"(max-width: 600px) 100vw, 600px\" \/><p id=\"caption-attachment-761\" class=\"wp-caption-text\">Autocolantes COVID 19<\/p><\/div>\n<h3>M\u00e1scaras comunit\u00e1rias N\u00edvel 2<\/h3>\n<h5><strong>KIT COVID 19 alguns materiais essenciais.<\/strong><\/h5>\n<p><strong>Uso de m\u00e1scaras constitui \u00abuma medida adicional e suplementar\u00bb \u00e0s j\u00e1 existentes<\/strong><\/p>\n<p>A Ministra da Sa\u00fade revelou que as m\u00e1scaras n\u00e3o cir\u00fargicas podem ser utilizadas pela popula\u00e7\u00e3o em espa\u00e7os fechados e com elevado n\u00famero de pessoas, como supermercados e transportes p\u00fablicos.<\/p>\n<p>\u00abDe acordo com o princ\u00edpio b\u00e1sico da precau\u00e7\u00e3o em sa\u00fade p\u00fablica e face \u00e0s aus\u00eancias de efeitos adversos associados ao uso de m\u00e1scara, pode ser considerada a sua utiliza\u00e7\u00e3o por qualquer pessoa em espa\u00e7os interiores fechados e com um elevado n\u00famero de pessoas\u00bb, afirmou a ministra.<\/p>\n<p>Na confer\u00eancia de imprensa, a Ministra ressalvou que o uso de m\u00e1scaras na comunidade constitui \u00abuma medida adicional e suplementar\u00bb \u00e0s j\u00e1 existentes, como o distanciamento social e lavagem das m\u00e3os.<\/p>\n<p>A Ministra ressalvou que as m\u00e1scaras sociais, que podem ser feitas de algod\u00e3o ou de outro tecido, v\u00e3o ser generalizadas \u00e0 popula\u00e7\u00e3o quando o pa\u00eds regressar \u00e0 normalidade.<\/p>\n<p><img loading=\"lazy\" decoding=\"async\" class=\"alignnone size-full wp-image-763\" src=\"https:\/\/www.berci.pt\/blog\/wp-content\/uploads\/2020\/07\/mascaras.jpg\" alt=\"M\u00e1scaras comunit\u00e1rias\" width=\"598\" height=\"280\" srcset=\"https:\/\/www.berci.pt\/blog\/wp-content\/uploads\/2020\/07\/mascaras.jpg 598w, https:\/\/www.berci.pt\/blog\/wp-content\/uploads\/2020\/07\/mascaras-300x140.jpg 300w\" sizes=\"(max-width: 598px) 100vw, 598px\" \/><\/p>\n<p>Na Berci acompanhamos estes acontecimentos e produzimos <a href=\"https:\/\/www.berci.pt\/pt\/impressao-mascaras-de-proteccao-facial-comunitarias\">m\u00e1scaras certificadas<\/a> com as seguintes caracter\u00edsticas<\/p>\n<p><strong>Certificada at\u00e9 26 lavagens<\/strong><br \/>\nM\u00e1scara de duas camadas, reutiliz\u00e1vel, com filtra\u00e7\u00e3o \u2265 70 % e respirabilidade<br \/>\nCom clipe nasal para melhor ajuste<br \/>\nCaixa com 10 unidades<br \/>\nCamada interior de 50 % algod\u00e3o + 50 % Pes, camada exterior de 65 % algod\u00e3o\u00a0 + 35 % Pes com acabamento antibacteriano e antif\u00fangico<br \/>\nIstenta de fibra de vidro<br \/>\nIsenta de latex<br \/>\nEl\u00e1sticos auriculares.<\/p>\n<h2 class=\"top\">Dispensador \u00c1lcool gel c\/ pedal<\/h2>\n<div class=\"textos limited bottom\">\n<p>Sendo uma das principais medidas de preven\u00e7\u00e3o e combate \u00e0 COVID 19, a higieniza\u00e7\u00e3o das m\u00e3os \u00e9 fundamental e obrigat\u00f3rias em espa\u00e7os onde haja concentra\u00e7\u00e3o de pessoas e onde ir\u00e1 haver &#8220;toque&#8221; em produtos. Como tal quisemos tamb\u00e9m que este produto fizesse parte deste\u00a0KIT COVID 19 alguns materiais essenciais.<\/p>\n<p>Com o nosso <a href=\"https:\/\/www.berci.pt\/pt\/impressao-dispensador-alcool-gel-c-pedal\">dispensador de \u00e1lcool gel com pedal<\/a>, ajude os seus clientes e colaboradores a manterem as m\u00e3os desinfetadas.<br \/>\nDevido \u00e0 sua robustez e eleg\u00e2ncia pode ser usado na entrada de lojas, salas de reuni\u00f5es, institui\u00e7\u00f5es, tanto no interior como<br \/>\nexterior.<\/p>\n<div id=\"attachment_764\" style=\"width: 390px\" class=\"wp-caption alignnone\"><img loading=\"lazy\" decoding=\"async\" aria-describedby=\"caption-attachment-764\" class=\"size-full wp-image-764\" src=\"https:\/\/www.berci.pt\/blog\/wp-content\/uploads\/2020\/07\/dispensador.jpg\" alt=\"\" width=\"380\" height=\"358\" srcset=\"https:\/\/www.berci.pt\/blog\/wp-content\/uploads\/2020\/07\/dispensador.jpg 380w, https:\/\/www.berci.pt\/blog\/wp-content\/uploads\/2020\/07\/dispensador-300x283.jpg 300w\" sizes=\"(max-width: 380px) 100vw, 380px\" \/><p id=\"caption-attachment-764\" class=\"wp-caption-text\">Dispensador \u00e1lcool gel c\/ pedal<\/p><\/div>\n<p><strong>Caracter\u00edsticas:<\/strong><\/p>\n<p>Dispensador de \u00c1lcool Gel com pedal.<br \/>\nN\u00e3o sujeito ao toque com as m\u00e3os<br \/>\nLimpeza f\u00e1cil.<br \/>\nGrande robustez e eleg\u00e2ncia<br \/>\nPara uso em exteriores ou interiores<\/p>\n<\/div>\n<p>&nbsp;<\/p>\n","protected":false},"excerpt":{"rendered":"<p>Tem um neg\u00f3cio aberto? Com este KIT COVID 19 alguns materiais essenciais mantenha a seguran\u00e7a dos seus clientes e dos seus colaboradores. Sabemos o quanto\u00a0\u00e9 importante para si, que os seus colaboradores e clientes estejam em seguran\u00e7a. Assim, cri\u00e1mos v\u00e1rios produtos para o ajudar a&hellip;<\/p>\n","protected":false},"author":1,"featured_media":766,"comment_status":"closed","ping_status":"closed","sticky":false,"template":"","format":"standard","meta":{"footnotes":""},"categories":[117,118,104],"tags":[119,109,108,105,106],"_links":{"self":[{"href":"https:\/\/www.berci.pt\/blog\/wp-json\/wp\/v2\/posts\/756"}],"collection":[{"href":"https:\/\/www.berci.pt\/blog\/wp-json\/wp\/v2\/posts"}],"about":[{"href":"https:\/\/www.berci.pt\/blog\/wp-json\/wp\/v2\/types\/post"}],"author":[{"embeddable":true,"href":"https:\/\/www.berci.pt\/blog\/wp-json\/wp\/v2\/users\/1"}],"replies":[{"embeddable":true,"href":"https:\/\/www.berci.pt\/blog\/wp-json\/wp\/v2\/comments?post=756"}],"version-history":[{"count":11,"href":"https:\/\/www.berci.pt\/blog\/wp-json\/wp\/v2\/posts\/756\/revisions"}],"predecessor-version":[{"id":832,"href":"https:\/\/www.berci.pt\/blog\/wp-json\/wp\/v2\/posts\/756\/revisions\/832"}],"wp:featuredmedia":[{"embeddable":true,"href":"https:\/\/www.berci.pt\/blog\/wp-json\/wp\/v2\/media\/766"}],"wp:attachment":[{"href":"https:\/\/www.berci.pt\/blog\/wp-json\/wp\/v2\/media?parent=756"}],"wp:term":[{"taxonomy":"category","embeddable":true,"href":"https:\/\/www.berci.pt\/blog\/wp-json\/wp\/v2\/categories?post=756"},{"taxonomy":"post_tag","embeddable":true,"href":"https:\/\/www.berci.pt\/blog\/wp-json\/wp\/v2\/tags?post=756"}],"curies":[{"name":"wp","href":"https:\/\/api.w.org\/{rel}","templated":true}]}}