{"id":775,"date":"2020-08-05T14:05:28","date_gmt":"2020-08-05T14:05:28","guid":{"rendered":"https:\/\/www.berci.pt\/blog\/?p=775"},"modified":"2020-08-05T16:47:03","modified_gmt":"2020-08-05T16:47:03","slug":"bandeira-7-razoes-para-optar-por-uma-neste-verao","status":"publish","type":"post","link":"https:\/\/www.berci.pt\/blog\/bandeira-7-razoes-para-optar-por-uma-neste-verao\/","title":{"rendered":"Bandeiras &#8211; 7 raz\u00f5es para optar por uma neste Ver\u00e3o"},"content":{"rendered":"<h2 class=\"p1\">Nada diz \u201cV\u00ea a minha marca\u201d, como bandeiras brilhantes e personalizadas. Elas s\u00e3o um s\u00edmbolo de boas-vindas e at\u00e9 de celebra\u00e7\u00e3o.<\/h2>\n<h2 class=\"p1\">J\u00e1 na Guerra Civil, as bandeiras eram usadas para provocar emo\u00e7\u00f5es de lealdade e orgulho.Pendurar uma bandeira fora da sua empresa transmitir\u00e1 o mesmo.<\/h2>\n<article><\/article>\n<p class=\"p1\">Se criar um design para uma bandeira colorida com mensagens simples ou somente o logotipo da sua empresa, ela vai atrair novos clientes para dentro e, provavelmente, despertar uma emo\u00e7\u00e3o positiva quando o <a href=\"https:\/\/www.berci.pt\/blog\/2019\/05\/\">seu logotipo<\/a> \u00e9 reconhecido. As bandeiras publicit\u00e1rias s\u00e3o um dos poucos meios de publicidade que n\u00e3o ser\u00e3o eliminados pela era digital. Vamos ver algumas raz\u00f5es que fazem com que o investimento neste meio de comunica\u00e7\u00e3o tr\u00e1s sempre retorno:<\/p>\n<h3><img loading=\"lazy\" decoding=\"async\" class=\"alignnone size-full wp-image-788\" src=\"https:\/\/www.berci.pt\/blog\/wp-content\/uploads\/2020\/08\/BANDEIRAS.jpg\" alt=\"\" width=\"1800\" height=\"1800\" srcset=\"https:\/\/www.berci.pt\/blog\/wp-content\/uploads\/2020\/08\/BANDEIRAS.jpg 1800w, https:\/\/www.berci.pt\/blog\/wp-content\/uploads\/2020\/08\/BANDEIRAS-150x150.jpg 150w, https:\/\/www.berci.pt\/blog\/wp-content\/uploads\/2020\/08\/BANDEIRAS-300x300.jpg 300w, https:\/\/www.berci.pt\/blog\/wp-content\/uploads\/2020\/08\/BANDEIRAS-768x768.jpg 768w, https:\/\/www.berci.pt\/blog\/wp-content\/uploads\/2020\/08\/BANDEIRAS-1024x1024.jpg 1024w, https:\/\/www.berci.pt\/blog\/wp-content\/uploads\/2020\/08\/BANDEIRAS-88x88.jpg 88w, https:\/\/www.berci.pt\/blog\/wp-content\/uploads\/2020\/08\/BANDEIRAS-900x900.jpg 900w, https:\/\/www.berci.pt\/blog\/wp-content\/uploads\/2020\/08\/BANDEIRAS-1280x1280.jpg 1280w\" sizes=\"(max-width: 1800px) 100vw, 1800px\" \/><\/h3>\n<h3 class=\"p1\">1. As Bandeiras passam uma imagem muito positiva<\/h3>\n<p class=\"p1\">As <a href=\"https:\/\/www.berci.pt\/pt\/bandeiras-para-publicidade\">bandeiras <\/a>tem um custo \u00fanico, com benef\u00edcios a longo prazo. Podem ser usadas \u200b\u200brepetidamente e transmitem pelo menos uma coisa: Promover uma imagem positiva da sua empresa. Ao longo dos anos, as bandeiras passaram a simbolizar emo\u00e7\u00f5es acolhedoras e alegres. Uma montra com bandeiras personalizadas ir\u00e1 tamb\u00e9m sempre sobressair<span class=\"Apple-converted-space\">\u00a0 <\/span>sobre uma montra que esteja somente bem arranjada.<\/p>\n<h3>2. Fazem com que o seu logotipo se torne mais conhecido<\/h3>\n<p class=\"p1\">Quando est\u00e1 de passagem e v\u00ea \u201caquele\u201d arco dourado, de certeza que secretamente tem desejos de um Chicken McNuggets. A sua marca n\u00e3o significa apenas sua empresa. Representa os seus principais valores. E Isso demonstra como o seu neg\u00f3cio melhora a vida dos seus clientes.<\/p>\n<p class=\"p1\">Idealmente, com o tempo, o seu logotipo vir\u00e1 a desencadear reac\u00e7\u00f5es positivas nos seus clientes do passados, presentes e futuros. Deixar esse logotipo voar acima ou mesmo na frente da sua empresa usando algumas bandeiras personalizadas a ondulandar na brisa, \u00e9 a melhor maneira de divulgar seu logotipo ao mundo.<\/p>\n<p><img loading=\"lazy\" decoding=\"async\" class=\"alignnone size-full wp-image-691\" src=\"https:\/\/www.berci.pt\/blog\/wp-content\/uploads\/2020\/03\/Design-sem-nome-1.png\" alt=\"Bandeira Wing\" width=\"1500\" height=\"300\" srcset=\"https:\/\/www.berci.pt\/blog\/wp-content\/uploads\/2020\/03\/Design-sem-nome-1.png 1500w, https:\/\/www.berci.pt\/blog\/wp-content\/uploads\/2020\/03\/Design-sem-nome-1-300x60.png 300w, https:\/\/www.berci.pt\/blog\/wp-content\/uploads\/2020\/03\/Design-sem-nome-1-768x154.png 768w, https:\/\/www.berci.pt\/blog\/wp-content\/uploads\/2020\/03\/Design-sem-nome-1-1024x205.png 1024w, https:\/\/www.berci.pt\/blog\/wp-content\/uploads\/2020\/03\/Design-sem-nome-1-900x180.png 900w, https:\/\/www.berci.pt\/blog\/wp-content\/uploads\/2020\/03\/Design-sem-nome-1-1280x256.png 1280w\" sizes=\"(max-width: 1500px) 100vw, 1500px\" \/><\/p>\n<h2 class=\"p1\">3. Diversifique o seu design com bandeiras personalizadas<\/h2>\n<p class=\"p1\">Obviamente que quando pensamos em bandeiras, pensamos na bandeira cl\u00e1ssica num mastro de madeira ou de inox. E n\u00e3o \u00e9 realmente incr\u00edvel saber que as bandeiras s\u00e3o um dos \u00faltimos elementos de publicidade que n\u00e3o se dia ser empurrada para o lado pela era digital?<\/p>\n<p class=\"p1\">Na Berci temos muitas op\u00e7\u00f5es para <a href=\"https:\/\/www.berci.pt\/pt\/impressao-textil\">bandeiras personalizadas<\/a>.<span class=\"Apple-converted-space\">\u00a0 <\/span>Bandeiras tipo de pena, gota ou wing ou simplesmente reta. Pode ainda escolher se quer ter um enorme impacto ou se pretende ter uma sinaliza\u00e7\u00e3o mais discreta do seu neg\u00f3cio. Para isso temos v\u00e1rios tamanhos e com diferentes tipos de estruturas e bases que lhe asseguram estabilidade, seguran\u00e7a e acima de tudo diferencia\u00e7\u00e3o.<\/p>\n<h2><img loading=\"lazy\" decoding=\"async\" class=\"alignnone size-full wp-image-697\" src=\"https:\/\/www.berci.pt\/blog\/wp-content\/uploads\/2020\/03\/Design-sem-nome-3-1.png\" alt=\"bandeiras mochila\" width=\"1500\" height=\"300\" srcset=\"https:\/\/www.berci.pt\/blog\/wp-content\/uploads\/2020\/03\/Design-sem-nome-3-1.png 1500w, https:\/\/www.berci.pt\/blog\/wp-content\/uploads\/2020\/03\/Design-sem-nome-3-1-300x60.png 300w, https:\/\/www.berci.pt\/blog\/wp-content\/uploads\/2020\/03\/Design-sem-nome-3-1-768x154.png 768w, https:\/\/www.berci.pt\/blog\/wp-content\/uploads\/2020\/03\/Design-sem-nome-3-1-1024x205.png 1024w, https:\/\/www.berci.pt\/blog\/wp-content\/uploads\/2020\/03\/Design-sem-nome-3-1-900x180.png 900w, https:\/\/www.berci.pt\/blog\/wp-content\/uploads\/2020\/03\/Design-sem-nome-3-1-1280x256.png 1280w\" sizes=\"(max-width: 1500px) 100vw, 1500px\" \/><\/h2>\n<h2 class=\"p1\">4. As Bandeiras d\u00e3o vida ao seu espa\u00e7o exterior<\/h2>\n<p class=\"p1\">Assim sendo, existem pequenas dicas e truques que as empresas podem empregar para aumentar seu apelo \u00e0 conten\u00e7\u00e3o. Essa n\u00e3o \u00e9 uma no\u00e7\u00e3o apenas para os propriet\u00e1rios. Outras dicas incluem por exemplo um exame muito atento \u00e1 montra da sua loja. Est\u00e1 a dizer o que quer dizer com o design da sua montra?<\/p>\n<p class=\"p1\">Independentemente de suas escolhas para o design, exibir uma bandeira brilhante e arrojada com o seu logotipo, \u00e9 mais um sistema de comunica\u00e7\u00e3o que chamar\u00e1 a aten\u00e7\u00e3o dos clientes para sua loja.<\/p>\n<h2 class=\"p1\">5. Elas (bandeiras) fazem com que o seu logotipo ganhe maior notoriedade, empatia e identifica\u00e7\u00e3o.<\/h2>\n<p class=\"p1\">Muito do esfor\u00e7o da sua comunica\u00e7\u00e3o foi para o design do seu logotipo, n\u00e3o foi?<\/p>\n<p class=\"p1\">Depois de definir esse design espectacular, por que n\u00e3o deix\u00e1-lo com um metro e meio de altura no exterior da sua empresa?Como mencionamos anteriormente, o objetivo \u00e9 acima de tudo fazer despertar lembran\u00e7as felizes no subconsciente de seus clientes. Uma bandeira grande e a esvoa\u00e7ar \u00e9 um bel\u00edssimo exemplo disso mesmo.<\/p>\n<h2 class=\"p1\">6. As Bandeiras ajudam os clientes a encontrar sua empresa<\/h2>\n<p class=\"p1\">Esta ideia parece \u00f3bvia, certo? No entanto, \u00e9 t\u00e3o importante que vale a pena destacar. O seu GPS j\u00e1 lhe disse que voc\u00ea chegou a algum s\u00edtio, mas n\u00e3o h\u00e1 nada por perto? Por que n\u00e3o eliminar a potencial<span class=\"Apple-converted-space\">\u00a0 <\/span>confus\u00e3o e pendurar uma bandeira brilhante e arrojada fora da sua empresa para indicar aos seus clientes que realmente chegaram ao local certo? Uma bandeira bem projetada ser\u00e1 sempre intemporal<span class=\"Apple-converted-space\">\u00a0 <\/span>e poder\u00e1 atrair novos clientes. Bandeiras personalizadas existem h\u00e1 s\u00e9culos e ir\u00e3o continuar a ser uma meio privilegiado para comunicar a sua marca.<\/p>\n<h2><img loading=\"lazy\" decoding=\"async\" class=\"alignnone size-full wp-image-700\" src=\"https:\/\/www.berci.pt\/blog\/wp-content\/uploads\/2020\/03\/Design-sem-nome-6.png\" alt=\"bandeira reta\" width=\"1500\" height=\"300\" srcset=\"https:\/\/www.berci.pt\/blog\/wp-content\/uploads\/2020\/03\/Design-sem-nome-6.png 1500w, https:\/\/www.berci.pt\/blog\/wp-content\/uploads\/2020\/03\/Design-sem-nome-6-300x60.png 300w, https:\/\/www.berci.pt\/blog\/wp-content\/uploads\/2020\/03\/Design-sem-nome-6-768x154.png 768w, https:\/\/www.berci.pt\/blog\/wp-content\/uploads\/2020\/03\/Design-sem-nome-6-1024x205.png 1024w, https:\/\/www.berci.pt\/blog\/wp-content\/uploads\/2020\/03\/Design-sem-nome-6-900x180.png 900w, https:\/\/www.berci.pt\/blog\/wp-content\/uploads\/2020\/03\/Design-sem-nome-6-1280x256.png 1280w\" sizes=\"(max-width: 1500px) 100vw, 1500px\" \/><\/h2>\n<h2 class=\"p1\">7. Elas melhoram sua apar\u00eancia e visibilidade em feiras, eventos, \u00e0 entrada da sua loja, supermercado, etc.<\/h2>\n<p class=\"p1\">Estar presente numa feira com a sua empresa \u00e9 uma decis\u00e3o muito s\u00e1bia. Embora muita coisa seja usada no design de um stand, uma ou v\u00e1rias bandeiras medias ou grandes, ser\u00e3o sempre elementos de uma comunica\u00e7\u00e3o com visibilidade e impon\u00eancia. Em conclus\u00e3o,<span class=\"Apple-converted-space\">\u00a0 <\/span>a divers\u00e3o n\u00e3o precisa parar com os planos para uma feira. N\u00e3o se esque\u00e7a tamb\u00e9m das feiras locais ou urbanas, lan\u00e7amentos de produtos e qualquer outra forma de rela\u00e7\u00f5es p\u00fablicas.<\/p>\n<p class=\"p1\">Assim como um tapete de boas-vindas fora da sua loja, uma bandeira com o seu logotipo \u00e9 exatamente o que seus novos clientes precisam para entrar no seu Stand.<\/p>\n<p>&nbsp;<\/p>\n<p>&nbsp;<\/p>\n","protected":false},"excerpt":{"rendered":"<p>Nada diz \u201cV\u00ea a minha marca\u201d, como bandeiras brilhantes e personalizadas. Elas s\u00e3o um s\u00edmbolo de boas-vindas e at\u00e9 de celebra\u00e7\u00e3o. J\u00e1 na Guerra Civil, as bandeiras eram usadas para provocar emo\u00e7\u00f5es de lealdade e orgulho.Pendurar uma bandeira fora da sua empresa transmitir\u00e1 o mesmo.&hellip;<\/p>\n","protected":false},"author":1,"featured_media":691,"comment_status":"closed","ping_status":"closed","sticky":false,"template":"","format":"standard","meta":{"footnotes":""},"categories":[121,122,10,4],"tags":[57,17,123,11],"_links":{"self":[{"href":"https:\/\/www.berci.pt\/blog\/wp-json\/wp\/v2\/posts\/775"}],"collection":[{"href":"https:\/\/www.berci.pt\/blog\/wp-json\/wp\/v2\/posts"}],"about":[{"href":"https:\/\/www.berci.pt\/blog\/wp-json\/wp\/v2\/types\/post"}],"author":[{"embeddable":true,"href":"https:\/\/www.berci.pt\/blog\/wp-json\/wp\/v2\/users\/1"}],"replies":[{"embeddable":true,"href":"https:\/\/www.berci.pt\/blog\/wp-json\/wp\/v2\/comments?post=775"}],"version-history":[{"count":13,"href":"https:\/\/www.berci.pt\/blog\/wp-json\/wp\/v2\/posts\/775\/revisions"}],"predecessor-version":[{"id":790,"href":"https:\/\/www.berci.pt\/blog\/wp-json\/wp\/v2\/posts\/775\/revisions\/790"}],"wp:featuredmedia":[{"embeddable":true,"href":"https:\/\/www.berci.pt\/blog\/wp-json\/wp\/v2\/media\/691"}],"wp:attachment":[{"href":"https:\/\/www.berci.pt\/blog\/wp-json\/wp\/v2\/media?parent=775"}],"wp:term":[{"taxonomy":"category","embeddable":true,"href":"https:\/\/www.berci.pt\/blog\/wp-json\/wp\/v2\/categories?post=775"},{"taxonomy":"post_tag","embeddable":true,"href":"https:\/\/www.berci.pt\/blog\/wp-json\/wp\/v2\/tags?post=775"}],"curies":[{"name":"wp","href":"https:\/\/api.w.org\/{rel}","templated":true}]}}