{"id":932,"date":"2021-05-28T08:31:57","date_gmt":"2021-05-28T08:31:57","guid":{"rendered":"https:\/\/www.berci.pt\/blog\/?p=932"},"modified":"2021-05-28T10:29:27","modified_gmt":"2021-05-28T10:29:27","slug":"sistemas-de-exposicao-e-promocao-para-eventos","status":"publish","type":"post","link":"https:\/\/www.berci.pt\/blog\/sistemas-de-exposicao-e-promocao-para-eventos\/","title":{"rendered":"Sistemas de Exposi\u00e7\u00e3o e Promo\u00e7\u00e3o para Eventos"},"content":{"rendered":"<p>Este artigo \u00e9 sobre os <a href=\"https:\/\/www.berci.pt\/blog\/tipos-de-sistemas-de-exposicao-na-impressao-digital\/\">v\u00e1rios tipos de sistemas de exposi\u00e7\u00e3o<\/a> e promo\u00e7\u00e3o para eventos e as suas diferentes aplica\u00e7\u00f5es.<\/p>\n<p style=\"text-align: left;\"><!--more--><\/p>\n<h4 class=\"p1\"><strong>1.Existem v\u00e1rios sistemas de exposi\u00e7\u00e3o e promo\u00e7\u00e3o para eventos, que podem ser utilizados em muitos tipos de situa\u00e7\u00f5es e com diferentes graus de visibilidade.\u00a0<\/strong><\/h4>\n<p>Comecemos por definir um pouco melhor o que entendemos por sistemas de exposi\u00e7\u00e3o e promo\u00e7\u00e3o;<\/p>\n<p>A participa\u00e7\u00e3o nas feiras de neg\u00f3cios contribuem, e muito, para os resultados de uma empresa.<\/p>\n<p>\u00c9 fundamental para qualquer empresa que se queira expandir\u00a0 no seu mercado, ou no mercado internacional, participar nos grandes centros de neg\u00f3cios e eventos internacionais. Estar presente nas feiras de neg\u00f3cios n\u00e3o significa apenas expor os seus produtos; significa tamb\u00e9m conhecer a concorr\u00eancia, acompanhar as novidades e tend\u00eancias do setor, al\u00e9m de ampliar sua rede de contatos.<\/p>\n<p>As feiras continuam a ser o melhor meio tradicional de fazer neg\u00f3cios em termos internacionais, porque num curto per\u00edodo de tempo podemos ter compradores de todas as zonas econ\u00f3micas mundiais a visitar o nosso espa\u00e7o e a conhecer os nossos produtos e\/ou servi\u00e7os.<\/p>\n<p>Nas<a href=\"https:\/\/www.presstur.com\/empresas---negocios\/feiras---eventos\/\"> feiras de neg\u00f3cios<\/a>, mais importante do que apresentar o seu neg\u00f3cio e servi\u00e7o, \u00e9 atrair o p\u00fablico especializado nos segmentos da empresa e ter a oportunidade de conseguirem poss\u00edveis novas parcerias.<\/p>\n<h4>2. As vantagens mais evidentes na utiliza\u00e7\u00e3o de Sistemas de Exposi\u00e7\u00e3o e Promo\u00e7\u00e3o para Eventos s\u00e3o resumidamente:<\/h4>\n<ol>\n<li>Apresenta\u00e7\u00e3o dos produtos e servi\u00e7os diretamente ao cliente final;<\/li>\n<li>A identifica\u00e7\u00e3o de potenciais clientes que at\u00e9 ent\u00e3o eram an\u00f4nimos;<\/li>\n<li>Obten\u00e7\u00e3o de informa\u00e7\u00f5es da concorr\u00eancia;<\/li>\n<li>O fortalecimento do relacionamento com o cliente;<\/li>\n<li>A gera\u00e7\u00e3o de prospectos para desenvolvimento de a\u00e7\u00f5es futuras;<\/li>\n<li>Eficaz ferramenta de marketing direto, com resultados imediatos;<\/li>\n<li>O Contacto direto e pessoal com clientes e parceiros; cria\u00e7\u00e3o de v\u00ednculos e realiza\u00e7\u00e3o de neg\u00f3cios \u2013 (a maioria dos visitantes tem poder de decis\u00e3o ou de influ\u00eancia no processo de compra);<\/li>\n<li>Realizar vendas durante e p\u00f3s-feira;<\/li>\n<li>Fortalecimento da Marca e da imagem da empresa;<\/li>\n<li>Publicidade espont\u00e2nea e gratuita espont\u00e2nea.<\/li>\n<\/ol>\n<h4>3. Alguns exemplos mais usados, de Sistemas de Exposi\u00e7\u00e3o e Promo\u00e7\u00e3o para Eventos:<\/h4>\n<div id=\"attachment_610\" style=\"width: 1210px\" class=\"wp-caption alignnone\"><img loading=\"lazy\" decoding=\"async\" aria-describedby=\"caption-attachment-610\" class=\"size-full wp-image-610\" src=\"https:\/\/www.berci.pt\/blog\/wp-content\/uploads\/2020\/01\/White-Winter-Facebook-Ad.png\" alt=\"Material de Exposi\u00e7\u00e3o\" width=\"1200\" height=\"628\" srcset=\"https:\/\/www.berci.pt\/blog\/wp-content\/uploads\/2020\/01\/White-Winter-Facebook-Ad.png 1200w, https:\/\/www.berci.pt\/blog\/wp-content\/uploads\/2020\/01\/White-Winter-Facebook-Ad-300x157.png 300w, https:\/\/www.berci.pt\/blog\/wp-content\/uploads\/2020\/01\/White-Winter-Facebook-Ad-768x402.png 768w, https:\/\/www.berci.pt\/blog\/wp-content\/uploads\/2020\/01\/White-Winter-Facebook-Ad-1024x536.png 1024w, https:\/\/www.berci.pt\/blog\/wp-content\/uploads\/2020\/01\/White-Winter-Facebook-Ad-900x471.png 900w\" sizes=\"(max-width: 1200px) 100vw, 1200px\" \/><p id=\"caption-attachment-610\" class=\"wp-caption-text\">Sistemas de Exposi\u00e7\u00e3o<\/p><\/div>\n<ul>\n<li>Banners<\/li>\n<li>Balc\u00f5es Promocionais<\/li>\n<li>Pop-Ups<\/li>\n<li>Estruturas em tecido retroiluminadas<\/li>\n<\/ul>\n<div id=\"attachment_840\" style=\"width: 1601px\" class=\"wp-caption alignnone\"><img loading=\"lazy\" decoding=\"async\" aria-describedby=\"caption-attachment-840\" class=\"size-full wp-image-840\" src=\"https:\/\/www.berci.pt\/blog\/wp-content\/uploads\/2020\/10\/gd_galeria_1461_13.jpg\" alt=\"Smart Textile Frame\" width=\"1591\" height=\"994\" srcset=\"https:\/\/www.berci.pt\/blog\/wp-content\/uploads\/2020\/10\/gd_galeria_1461_13.jpg 1591w, https:\/\/www.berci.pt\/blog\/wp-content\/uploads\/2020\/10\/gd_galeria_1461_13-300x187.jpg 300w, https:\/\/www.berci.pt\/blog\/wp-content\/uploads\/2020\/10\/gd_galeria_1461_13-768x480.jpg 768w, https:\/\/www.berci.pt\/blog\/wp-content\/uploads\/2020\/10\/gd_galeria_1461_13-1024x640.jpg 1024w, https:\/\/www.berci.pt\/blog\/wp-content\/uploads\/2020\/10\/gd_galeria_1461_13-900x562.jpg 900w, https:\/\/www.berci.pt\/blog\/wp-content\/uploads\/2020\/10\/gd_galeria_1461_13-1280x800.jpg 1280w\" sizes=\"(max-width: 1591px) 100vw, 1591px\" \/><p id=\"caption-attachment-840\" class=\"wp-caption-text\">Smart Textile Frame<\/p><\/div>\n<ul>\n<li>Roll-Ups<\/li>\n<li>Banners<\/li>\n<li>Sinais de Pavimento<\/li>\n<\/ul>\n<div id=\"attachment_233\" style=\"width: 370px\" class=\"wp-caption alignnone\"><img loading=\"lazy\" decoding=\"async\" aria-describedby=\"caption-attachment-233\" class=\"wp-image-233 size-full\" src=\"https:\/\/www.berci.pt\/blog\/wp-content\/uploads\/2019\/01\/5-Sinais-de-pavimento-Swing-Poster-Stand.png\" alt=\"Sinais de pavimento - Swing Poster Stand\" width=\"360\" height=\"287\" srcset=\"https:\/\/www.berci.pt\/blog\/wp-content\/uploads\/2019\/01\/5-Sinais-de-pavimento-Swing-Poster-Stand.png 360w, https:\/\/www.berci.pt\/blog\/wp-content\/uploads\/2019\/01\/5-Sinais-de-pavimento-Swing-Poster-Stand-300x239.png 300w\" sizes=\"(max-width: 360px) 100vw, 360px\" \/><p id=\"caption-attachment-233\" class=\"wp-caption-text\">Sinais de pavimento &#8211; Swing Poster Stand<\/p><\/div>\n<p>&nbsp;<\/p>\n<p>&nbsp;<\/p>\n<p>&nbsp;<\/p>\n<p>&nbsp;<\/p>\n","protected":false},"excerpt":{"rendered":"<p>Este artigo \u00e9 sobre os v\u00e1rios tipos de sistemas de exposi\u00e7\u00e3o e promo\u00e7\u00e3o para eventos e as suas diferentes aplica\u00e7\u00f5es.<\/p>\n","protected":false},"author":1,"featured_media":934,"comment_status":"closed","ping_status":"closed","sticky":false,"template":"","format":"standard","meta":{"footnotes":""},"categories":[5,3,7,10,26,13,6],"tags":[42,56,49,66,137,136,36,29],"_links":{"self":[{"href":"https:\/\/www.berci.pt\/blog\/wp-json\/wp\/v2\/posts\/932"}],"collection":[{"href":"https:\/\/www.berci.pt\/blog\/wp-json\/wp\/v2\/posts"}],"about":[{"href":"https:\/\/www.berci.pt\/blog\/wp-json\/wp\/v2\/types\/post"}],"author":[{"embeddable":true,"href":"https:\/\/www.berci.pt\/blog\/wp-json\/wp\/v2\/users\/1"}],"replies":[{"embeddable":true,"href":"https:\/\/www.berci.pt\/blog\/wp-json\/wp\/v2\/comments?post=932"}],"version-history":[{"count":14,"href":"https:\/\/www.berci.pt\/blog\/wp-json\/wp\/v2\/posts\/932\/revisions"}],"predecessor-version":[{"id":947,"href":"https:\/\/www.berci.pt\/blog\/wp-json\/wp\/v2\/posts\/932\/revisions\/947"}],"wp:featuredmedia":[{"embeddable":true,"href":"https:\/\/www.berci.pt\/blog\/wp-json\/wp\/v2\/media\/934"}],"wp:attachment":[{"href":"https:\/\/www.berci.pt\/blog\/wp-json\/wp\/v2\/media?parent=932"}],"wp:term":[{"taxonomy":"category","embeddable":true,"href":"https:\/\/www.berci.pt\/blog\/wp-json\/wp\/v2\/categories?post=932"},{"taxonomy":"post_tag","embeddable":true,"href":"https:\/\/www.berci.pt\/blog\/wp-json\/wp\/v2\/tags?post=932"}],"curies":[{"name":"wp","href":"https:\/\/api.w.org\/{rel}","templated":true}]}}